{"id":8966,"date":"2024-06-06T17:42:42","date_gmt":"2024-06-06T20:42:42","guid":{"rendered":"https:\/\/alexjmarques.com.br\/amaralemelo\/?p=8966"},"modified":"2024-06-06T17:42:42","modified_gmt":"2024-06-06T20:42:42","slug":"mp-vinda-do-ministerio-da-fazenda-e-covarde-e-desrespeita-periodo-de-transicao-para-contribuinte","status":"publish","type":"post","link":"https:\/\/alexjmarques.com.br\/amaralemelo\/videos\/mp-vinda-do-ministerio-da-fazenda-e-covarde-e-desrespeita-periodo-de-transicao-para-contribuinte\/","title":{"rendered":"MP vinda do Minist\u00e9rio da Fazenda \u00e9 &#8220;covarde&#8221; e desrespeita per\u00edodo de transi\u00e7\u00e3o para contribuinte"},"content":{"rendered":"\n<p><strong>Avalia\u00e7\u00e3o \u00e9 de Dr. Leonardo Amaral, advogado tributarista, que j\u00e1 adianta que pauta dever\u00e1 enfrentar batalha dura no Congresso Nacional e forte judicializa\u00e7\u00e3o. Medida mant\u00e9m mercados paralisados no agro, com empresas com dificuldade de precificar produtos.<\/strong><\/p>\n\n\n\n<figure class=\"wp-block-embed is-type-video is-provider-youtube wp-block-embed-youtube wp-embed-aspect-16-9 wp-has-aspect-ratio\"><div class=\"wp-block-embed__wrapper\">\n<iframe title=\"MP vinda do Minist\u00e9rio da Fazenda \u00e9 &quot;covarde&quot; e desrespeita per\u00edodo de transi\u00e7\u00e3o para contribuinte\" width=\"800\" height=\"450\" src=\"https:\/\/www.youtube.com\/embed\/vUf0BaPryag?feature=oembed\" frameborder=\"0\" allow=\"accelerometer; autoplay; clipboard-write; encrypted-media; gyroscope; picture-in-picture; web-share\" referrerpolicy=\"strict-origin-when-cross-origin\" allowfullscreen><\/iframe>\n<\/div><\/figure>\n","protected":false},"excerpt":{"rendered":"<p>Avalia\u00e7\u00e3o \u00e9 de Dr. Leonardo Amaral, advogado tributarista, que j\u00e1 adianta que pauta dever\u00e1 enfrentar batalha dura no Congresso Nacional e forte judicializa\u00e7\u00e3o. Medida mant\u00e9m mercados paralisados no agro, com empresas com dificuldade de precificar produtos.<\/p>\n","protected":false},"author":1,"featured_media":8967,"comment_status":"open","ping_status":"open","sticky":false,"template":"","format":"standard","meta":{"_eb_attr":"","footnotes":""},"categories":[100,99],"tags":[82],"class_list":["post-8966","post","type-post","status-publish","format-standard","has-post-thumbnail","hentry","category-na-midia","category-videos","tag-leonardo-amaral"],"_links":{"self":[{"href":"https:\/\/alexjmarques.com.br\/amaralemelo\/wp-json\/wp\/v2\/posts\/8966","targetHints":{"allow":["GET"]}}],"collection":[{"href":"https:\/\/alexjmarques.com.br\/amaralemelo\/wp-json\/wp\/v2\/posts"}],"about":[{"href":"https:\/\/alexjmarques.com.br\/amaralemelo\/wp-json\/wp\/v2\/types\/post"}],"author":[{"embeddable":true,"href":"https:\/\/alexjmarques.com.br\/amaralemelo\/wp-json\/wp\/v2\/users\/1"}],"replies":[{"embeddable":true,"href":"https:\/\/alexjmarques.com.br\/amaralemelo\/wp-json\/wp\/v2\/comments?post=8966"}],"version-history":[{"count":1,"href":"https:\/\/alexjmarques.com.br\/amaralemelo\/wp-json\/wp\/v2\/posts\/8966\/revisions"}],"predecessor-version":[{"id":8968,"href":"https:\/\/alexjmarques.com.br\/amaralemelo\/wp-json\/wp\/v2\/posts\/8966\/revisions\/8968"}],"wp:featuredmedia":[{"embeddable":true,"href":"https:\/\/alexjmarques.com.br\/amaralemelo\/wp-json\/wp\/v2\/media\/8967"}],"wp:attachment":[{"href":"https:\/\/alexjmarques.com.br\/amaralemelo\/wp-json\/wp\/v2\/media?parent=8966"}],"wp:term":[{"taxonomy":"category","embeddable":true,"href":"https:\/\/alexjmarques.com.br\/amaralemelo\/wp-json\/wp\/v2\/categories?post=8966"},{"taxonomy":"post_tag","embeddable":true,"href":"https:\/\/alexjmarques.com.br\/amaralemelo\/wp-json\/wp\/v2\/tags?post=8966"}],"curies":[{"name":"wp","href":"https:\/\/api.w.org\/{rel}","templated":true}]}}