{"id":15713,"date":"2025-09-03T00:08:22","date_gmt":"2025-09-03T03:08:22","guid":{"rendered":"https:\/\/amaralemelo.com\/?p=15713"},"modified":"2025-09-03T00:08:23","modified_gmt":"2025-09-03T03:08:23","slug":"contrato-de-gaveta-agronegocio","status":"publish","type":"post","link":"https:\/\/alexjmarques.com.br\/amaralemelo\/artigos\/contrato-de-gaveta-agronegocio\/","title":{"rendered":"O Contrato de Arrendamento de Gaveta no Agro &#8211; A Garantia que Custou R$ 1 Milh\u00e3o e Colocou Parceiros em Risco"},"content":{"rendered":"\t\t<div data-elementor-type=\"wp-post\" data-elementor-id=\"15713\" class=\"elementor elementor-15713\" data-elementor-post-type=\"post\">\n\t\t\t\t<div data-particle_enable=\"false\" data-particle-mobile-disabled=\"false\" class=\"elementor-element elementor-element-60d5719d e-flex e-con-boxed e-con e-parent\" data-id=\"60d5719d\" data-element_type=\"container\">\n\t\t\t\t\t<div class=\"e-con-inner\">\n\t\t\t\t<div class=\"elementor-element elementor-element-02c6a2b elementor-widget elementor-widget-html\" data-id=\"02c6a2b\" data-element_type=\"widget\" data-widget_type=\"html.default\">\n\t\t\t\t<div class=\"elementor-widget-container\">\n\t\t\t\t\t<!DOCTYPE html>\r\n<html lang=\"pt-BR\">\r\n<head>\r\n    <meta charset=\"UTF-8\">\r\n    <meta name=\"viewport\" content=\"width=device-width, initial-scale=1.0\">\r\n    <title>ICMS Retroativo na Transfer\u00eancia de Gado<\/title>\r\n<style>\r\n\/* --- Configura\u00e7\u00f5es Globais e Paleta de Cores --- *\/\r\n.artigo-juridico-container {\r\n    --primary-blue: #13365b;\r\n    --accent-gold: #ba904a;\r\n    --light-bg: #f8f9fa;\r\n    --dark-text: #343a40;\r\n    --white-text: #ffffff;\r\n    \r\n    font-family: -apple-system, BlinkMacSystemFont, \"Segoe UI\", Roboto, \"Helvetica Neue\", Arial, sans-serif;\r\n    line-height: 1.7;\r\n    color: var(--dark-text);\r\n    background-color: var(--light-bg);\r\n}\r\n\r\n\/* --- Estrutura Principal (Full-Width) --- *\/\r\n.artigo-juridico-container .section {\r\n    width: 100%;\r\n    padding: 60px 0;\r\n    box-sizing: border-box;\r\n}\r\n.artigo-juridico-container .section-blue {\r\n    background-color: var(--primary-blue);\r\n    color: var(--white-text);\r\n}\r\n.artigo-juridico-container .section-white {\r\n    background-color: #ffffff;\r\n}\r\n.artigo-juridico-container .container-interno {\r\n    max-width: 1200px;\r\n    margin: 0 auto;\r\n    padding: 0 25px;\r\n}\r\n\r\n\/* --- Layout Principal do Artigo (2 Colunas) --- *\/\r\n.main-content-grid {\r\n    display: flex;\r\n    align-items: flex-start;\r\n    gap: 40px;\r\n}\r\n.article-column {\r\n    flex: 2;\r\n    min-width: 0;\r\n}\r\n.quotes-column {\r\n    flex: 1;\r\n    position: sticky;\r\n    top: 20px;\r\n    display: flex;\r\n    flex-direction: column;\r\n    gap: 30px;\r\n    min-width: 0;\r\n}\r\n\r\n\/* --- Tipografia e T\u00edtulos --- *\/\r\n.artigo-juridico-container h1 {\r\n    font-size: 2.8em;\r\n    text-align: center;\r\n    margin-bottom: 10px;\r\n    color: var(--white-text);\r\n}\r\n.artigo-juridico-container h2 {\r\n    font-size: 2em;\r\n    color: var(--accent-gold);\r\n    margin-bottom: 25px;\r\n    padding-bottom: 10px;\r\n    border-bottom: 2px solid #e9ecef;\r\n}\r\n.artigo-juridico-container h3 {\r\n    font-size: 1.4em;\r\n    color: var(--primary-blue);\r\n    margin-bottom: 15px;\r\n}\r\n.artigo-juridico-container p,\r\n.artigo-juridico-container li {\r\n    font-size: 1.1em;\r\n    margin-bottom: 1.2em;\r\n}\r\n.artigo-juridico-container strong {\r\n    color: var(--primary-blue);\r\n}\r\n\r\n\/* --- Estilos para Pop-up de Informa\u00e7\u00e3o 'i' --- *\/\r\n.topic-header {\r\n    display: flex;\r\n    align-items: center;\r\n    gap: 10px;\r\n}\r\n.info-popup-container {\r\n    position: relative;\r\n    display: inline-block;\r\n}\r\n.info-icon {\r\n    display: flex;\r\n    align-items: center;\r\n    justify-content: center;\r\n    width: 24px;\r\n    height: 24px;\r\n    background-color: var(--primary-blue);\r\n    color: var(--white-text);\r\n    border-radius: 50%;\r\n    font-weight: bold;\r\n    font-family: serif;\r\n    cursor: pointer;\r\n    transition: background-color 0.3s;\r\n}\r\n.info-icon:hover {\r\n    background-color: var(--accent-gold);\r\n}\r\n.info-popup-box {\r\n    visibility: hidden;\r\n    opacity: 0;\r\n    width: 280px;\r\n    background-color: var(--dark-text);\r\n    color: var(--white-text);\r\n    text-align: center;\r\n    border-radius: 6px;\r\n    padding: 15px;\r\n    position: absolute;\r\n    z-index: 10;\r\n    bottom: 125%;\r\n    left: 50%;\r\n    margin-left: -140px;\r\n    transition: opacity 0.3s, visibility 0.3s;\r\n    box-shadow: 0 5px 15px rgba(0,0,0,0.2);\r\n}\r\n.info-popup-box::after { \/* Seta do pop-up *\/\r\n    content: \"\";\r\n    position: absolute;\r\n    top: 100%;\r\n    left: 50%;\r\n    margin-left: -5px;\r\n    border-width: 5px;\r\n    border-style: solid;\r\n    border-color: var(--dark-text) transparent transparent transparent;\r\n}\r\n.info-popup-container:hover .info-popup-box {\r\n    visibility: visible;\r\n    opacity: 1;\r\n}\r\n.info-popup-box p {\r\n    font-size: 0.9em;\r\n    line-height: 1.5;\r\n    margin: 0;\r\n    color: var(--white-text);\r\n}\r\n\r\n\/* --- Estilos das Cita\u00e7\u00f5es de Impacto (Adaptado para Sidebar) --- *\/\r\n.quote-agro-legal {\r\n    position: relative;\r\n    padding: 30px 25px;\r\n    background: linear-gradient(135deg, #0f2a4b, var(--primary-blue));\r\n    border-radius: 15px;\r\n    box-shadow: 0 10px 30px rgba(0,0,0,0.2);\r\n    overflow: hidden;\r\n    width: 100%;\r\n    box-sizing: border-box;\r\n}\r\n.quote-container-agro {\r\n    position: relative;\r\n    z-index: 2;\r\n}\r\n.quote-accent-agro {\r\n    position: absolute;\r\n    top: -50%; right: -20%;\r\n    width: 100%; height: 200%;\r\n    background: linear-gradient(45deg, var(--accent-gold) 0%, #d4a95a 100%);\r\n    opacity: 0.08;\r\n    transform: rotate(-15deg);\r\n}\r\n.quote-mark-agro, .quote-mark-end-agro {\r\n    font-family: 'Georgia', serif;\r\n    position: absolute;\r\n    color: var(--accent-gold);\r\n    font-size: 80px;\r\n    line-height: 1;\r\n}\r\n.quote-mark-agro { top: -15px; left: -5px; opacity: 0.8; }\r\n.quote-mark-end-agro { bottom: -60px; right: -5px; opacity: 0.4; }\r\n.quote-text-agro {\r\n    position: relative;\r\n    font-size: 18px;\r\n    line-height: 1.6;\r\n    color: #ffffff;\r\n    font-weight: 600;\r\n    text-align: center;\r\n    margin: 0;\r\n}\r\n\r\n\/* --- NOVO: Estilos para Acorde\u00e3o (Sanfona) --- *\/\r\n.accordion-container {\r\n    margin-top: 20px;\r\n}\r\n.accordion-item {\r\n    border: 1px solid #e9ecef;\r\n    border-radius: 8px;\r\n    margin-bottom: 10px;\r\n    overflow: hidden;\r\n}\r\n.accordion-header {\r\n    display: flex;\r\n    justify-content: space-between;\r\n    align-items: center;\r\n    width: 100%;\r\n    padding: 18px 20px;\r\n    background-color: #f8f9fa;\r\n    border: none;\r\n    cursor: pointer;\r\n    text-align: left;\r\n    font-size: 1.2em;\r\n    font-weight: 600;\r\n    color: var(--primary-blue);\r\n    transition: background-color 0.3s;\r\n}\r\n.accordion-header:hover {\r\n    background-color: #e9ecef;\r\n}\r\n.accordion-icon {\r\n    font-size: 1.5em;\r\n    font-weight: bold;\r\n    transition: transform 0.3s ease;\r\n}\r\n.accordion-content {\r\n    max-height: 0;\r\n    overflow: hidden;\r\n    transition: max-height 0.4s ease-out, padding 0.4s ease-out;\r\n    background-color: #ffffff;\r\n}\r\n.accordion-content p {\r\n    padding: 0 20px 20px 20px;\r\n    margin: 0;\r\n    font-size: 1.05em;\r\n}\r\n.accordion-item.active .accordion-header {\r\n    background-color: #e9ecef;\r\n}\r\n.accordion-item.active .accordion-icon {\r\n    transform: rotate(45deg);\r\n}\r\n.accordion-item.active .accordion-content {\r\n    max-height: 500px; \/* Altura suficiente para o conte\u00fado *\/\r\n    padding-top: 20px;\r\n}\r\n\r\n\r\n\/* --- Responsividade --- *\/\r\n@media (max-width: 992px) {\r\n    .main-content-grid { flex-direction: column; }\r\n    .quotes-column { position: static; width: 100%; }\r\n}\r\n@media (max-width: 768px) {\r\n    .section { padding: 40px 0; }\r\n    h1 { font-size: 2.2em; }\r\n    h2 { font-size: 1.6em; }\r\n    p, li { font-size: 1em; }\r\n}\r\n<\/style>\r\n<\/head>\r\n<body>\r\n\r\n<div class=\"artigo-juridico-container\">\r\n\r\n    <header class=\"section section-blue\">\r\n        <div class=\"container-interno\">\r\n            <h1>ICMS retroativo na transfer\u00eancia de gado: como a m\u00e1 modula\u00e7\u00e3o gerou caos e como o STF enfim corrigiu o rumo<\/h1>\r\n        <\/div>\r\n    <\/header>\r\n\r\n    <main class=\"section section-white\">\r\n        <div class=\"container-interno\">\r\n            <div class=\"main-content-grid\">\r\n                \r\n                <!-- Coluna Principal do Artigo -->\r\n                <div class=\"article-column\">\r\n                    <p>A forma como o STF modulou a decis\u00e3o sobre ICMS em transfer\u00eancias entre estabelecimentos do mesmo titular gerou inseguran\u00e7a para quem ajuizou a\u00e7\u00f5es entre 29 de abril de 2021 e o segundo semestre de 2023. Surfando nessa onda, o estado de Mato Grosso disparou \"notifica\u00e7\u00f5es para autorregulariza\u00e7\u00e3o\" e, em alguns casos, autua\u00e7\u00f5es.<\/p>\r\n                    <p>Agora, em 22 de agosto de 2025, o STF fechou a porta da cobran\u00e7a retroativa. A modula\u00e7\u00e3o da ADC 49 n\u00e3o autoriza os estados a cobrarem ICMS dessas transfer\u00eancias passadas. A justi\u00e7a foi feita, mas h\u00e1 produtores que pagaram por medo e agora podem pedir o valor de volta. Outros, que sofreram autua\u00e7\u00e3o, t\u00eam agora uma defesa certa.<\/p>\r\n\r\n                    <div class=\"topic-header\">\r\n                        <h2>1. O in\u00edcio da confus\u00e3o: uma decis\u00e3o positiva com efeitos desastrosos<\/h2>\r\n                        <div class=\"info-popup-container\">\r\n                            <span class=\"info-icon\">i<\/span>\r\n                            <div class=\"info-popup-box\"><p>Entenda como a decis\u00e3o da ADC 49, que proibia a cobran\u00e7a de ICMS, gerou um limbo jur\u00eddico por causa da demora na modula\u00e7\u00e3o de seus efeitos.<\/p><\/div>\r\n                        <\/div>\r\n                    <\/div>\r\n                    <p>Tudo come\u00e7ou em abril de 2021, quando o STF, no julgamento da ADC 49, deu uma decis\u00e3o favor\u00e1vel aos contribuintes. A corte declarou inconstitucional a cobran\u00e7a de ICMS sobre o mero deslocamento de mercadorias entre estabelecimentos do mesmo titular. A tese era clara: se n\u00e3o h\u00e1 venda nem mudan\u00e7a de dono, pois <strong>\"o boi continua sendo seu, s\u00f3 mudou de pasto\"<\/strong>, n\u00e3o h\u00e1 fato gerador para o imposto.<\/p>\r\n                    <p>Essa vit\u00f3ria, no entanto, veio com um asterisco problem\u00e1tico. O pr\u00f3prio STF, preocupado com o impacto fiscal nos estados, decidiu modular os efeitos da decis\u00e3o. O problema \u00e9 que essa modula\u00e7\u00e3o s\u00f3 foi definida em setembro de 2023, mais de dois anos depois. Nela, ficou estabelecido que a n\u00e3o incid\u00eancia do ICMS s\u00f3 valeria plenamente a partir de 2024. Pior: a decis\u00e3o protegeu da cobran\u00e7a retroativa apenas quem j\u00e1 possu\u00eda a\u00e7\u00f5es judiciais sobre o tema antes de abril de 2021, criando um limbo perigoso para quem agiu de boa-f\u00e9 depois.<\/p>\r\n\r\n                    <div class=\"topic-header\">\r\n                        <h2>2. A inseguran\u00e7a se intensifica: a ofensiva fiscal de Mato Grosso<\/h2>\r\n                        <div class=\"info-popup-container\">\r\n                            <span class=\"info-icon\">i<\/span>\r\n                            <div class=\"info-popup-box\"><p>Veja como uma decis\u00e3o de fevereiro de 2025 serviu de gatilho para os fiscos estaduais iniciarem cobran\u00e7as retroativas, gerando p\u00e2nico no setor.<\/p><\/div>\r\n                        <\/div>\r\n                    <\/div>\r\n                    <p>A inseguran\u00e7a jur\u00eddica, que j\u00e1 era grande, foi drasticamente refor\u00e7ada em fevereiro de 2025. Em uma an\u00e1lise inicial do Tema 1367, uma decis\u00e3o do ministro Lu\u00eds Roberto Barroso sinalizou que a modula\u00e7\u00e3o de efeitos poderia, sim, autorizar os estados a cobrar o ICMS retroativo dos produtores n\u00e3o protegidos pela regra original.<\/p>\r\n                    <p>Essa decis\u00e3o foi a senha que os fiscos estaduais esperavam. O estado de Mato Grosso, por exemplo, agiu rapidamente. Produtores rurais foram surpreendidos com notifica\u00e7\u00f5es da Secretaria de Fazenda (Sefaz-MT) convidando \u00e0 \"autorregulariza\u00e7\u00e3o\". Na pr\u00e1tica, era uma cobran\u00e7a do ICMS sobre transfer\u00eancias de gado realizadas em anos anteriores, com a amea\u00e7a impl\u00edcita de uma autua\u00e7\u00e3o fiscal formal e multas pesadas.<\/p>\r\n\r\n                    <div class=\"topic-header\">\r\n                        <h2>3. Agosto de 2025: a justi\u00e7a \u00e9 feita, mas o dano j\u00e1 estava consumado<\/h2>\r\n                        <div class=\"info-popup-container\">\r\n                            <span class=\"info-icon\">i<\/span>\r\n                            <div class=\"info-popup-box\"><p>A decis\u00e3o final do STF no Tema 1367 barrou a cobran\u00e7a retroativa, trazendo al\u00edvio, mas n\u00e3o apagando os preju\u00edzos de quem pagou por medo.<\/p><\/div>\r\n                        <\/div>\r\n                    <\/div>\r\n                    <p>Felizmente, a mar\u00e9 virou. Em agosto de 2025, ao julgar o m\u00e9rito do Tema 1367, o plen\u00e1rio do STF corrigiu o rumo. A corte decidiu que a modula\u00e7\u00e3o dos efeitos da ADC 49 <strong>n\u00e3o autoriza a cobran\u00e7a retroativa do ICMS, nem novas autua\u00e7\u00f5es<\/strong>. Est\u00e3o protegidos todos que apresentaram medidas judiciais entre abril de 2021 e setembro de 2023, e tamb\u00e9m quem foi autuado nesse per\u00edodo.<\/p>\r\n                    <p>O entendimento vencedor, liderado pelo ministro Dias Toffoli, foi de que o objetivo da modula\u00e7\u00e3o nunca foi criar uma \"janela de oportunidade\" para os estados arrecadarem um tributo j\u00e1 declarado inconstitucional. A inten\u00e7\u00e3o era garantir uma transi\u00e7\u00e3o suave, n\u00e3o penalizar contribuintes que agiram de boa-f\u00e9.<\/p>\r\n\r\n                    <div class=\"topic-header\">\r\n                        <h2>4. Orienta\u00e7\u00e3o pr\u00e1tica: o que fazer agora?<\/h2>\r\n                        <div class=\"info-popup-container\">\r\n                            <span class=\"info-icon\">i<\/span>\r\n                            <div class=\"info-popup-box\"><p>A\u00e7\u00f5es concretas para quem recebeu notifica\u00e7\u00f5es, pagou o imposto indevidamente ou foi autuado. Saiba como defender seus direitos.<\/p><\/div>\r\n                        <\/div>\r\n                    <\/div>\r\n                    \r\n                    <!-- In\u00edcio do Acorde\u00e3o -->\r\n                    <div class=\"accordion-container\">\r\n                        <div class=\"accordion-item\">\r\n                            <button class=\"accordion-header\">\r\n                                <span>Recebeu notifica\u00e7\u00e3o e n\u00e3o pagou?<\/span>\r\n                                <span class=\"accordion-icon\">+<\/span>\r\n                            <\/button>\r\n                            <div class=\"accordion-content\">\r\n                                <p>Responda com base no Tema 1367 (22\/08\/2025) e fortale\u00e7a a defesa, pois a modula\u00e7\u00e3o n\u00e3o autoriza retroatividade. Solicite o cancelamento do \"convite\" e de qualquer lan\u00e7amento dele decorrente.<\/p>\r\n                            <\/div>\r\n                        <\/div>\r\n                        <div class=\"accordion-item\">\r\n                            <button class=\"accordion-header\">\r\n                                <span>Pagou por medo ou press\u00e3o?<\/span>\r\n                                <span class=\"accordion-icon\">+<\/span>\r\n                            <\/button>\r\n                            <div class=\"accordion-content\">\r\n                                <p>Avalie imediatamente a via de restitui\u00e7\u00e3o (repeti\u00e7\u00e3o do ind\u00e9bito ou administrativa), juntando a notifica\u00e7\u00e3o, os comprovantes e o fundamento no julgamento de 22\/08\/2025. Agir r\u00e1pido \u00e9 melhor para o fluxo de caixa e para a corre\u00e7\u00e3o monet\u00e1ria.<\/p>\r\n                            <\/div>\r\n                        <\/div>\r\n                        <div class=\"accordion-item\">\r\n                            <button class=\"accordion-header\">\r\n                                <span>J\u00e1 foi autuado?<\/span>\r\n                                <span class=\"accordion-icon\">+<\/span>\r\n                            <\/button>\r\n                            <div class=\"accordion-content\">\r\n                                <p>Impugne a autua\u00e7\u00e3o dentro do prazo e sustente a inaplicabilidade da cobran\u00e7a retroativa com base no novo julgamento do STF.<\/p>\r\n                            <\/div>\r\n                        <\/div>\r\n                    <\/div>\r\n                    <!-- Fim do Acorde\u00e3o -->\r\n\r\n                    <div class=\"topic-header\" style=\"margin-top: 40px;\">\r\n                        <h2>5. Linha do tempo e refer\u00eancias essenciais<\/h2>\r\n                        <div class=\"info-popup-container\">\r\n                            <span class=\"info-icon\">i<\/span>\r\n                            <div class=\"info-popup-box\"><p>Um resumo cronol\u00f3gico dos principais julgamentos e as refer\u00eancias jur\u00eddicas para fundamentar sua defesa ou pedido de restitui\u00e7\u00e3o.<\/p><\/div>\r\n                        <\/div>\r\n                    <\/div>\r\n                    <h3>O enredo da inseguran\u00e7a<\/h3>\r\n                    <ul>\r\n                        <li><strong>29\/04\/2021 (ADC 49):<\/strong> O STF declara que n\u00e3o incide ICMS no mero deslocamento de mercadorias entre estabelecimentos do mesmo titular.<\/li>\r\n                        <li><strong>19\/04\/2023 (Modula\u00e7\u00e3o):<\/strong> A corte define efic\u00e1cia pr\u00f3-futuro a partir de 2024, com ressalva para processos pendentes at\u00e9 29\/04\/2021.<\/li>\r\n                        <li><strong>04\/02\/2025 (Tema 1.367 - 1\u00aa rodada):<\/strong> Leitura inicial abre margem para os estados cobrarem opera\u00e7\u00f5es at\u00e9 31\/12\/2023. Fiscos intensificam notifica\u00e7\u00f5es.<\/li>\r\n                        <li><strong>22\/08\/2025 (Tema 1.367 - final):<\/strong> O STF corrige a rota, veda a cobran\u00e7a retroativa e pro\u00edbe novas autua\u00e7\u00f5es relativas ao per\u00edodo.<\/li>\r\n                    <\/ul>\r\n                    <h3>Refer\u00eancias para guardar<\/h3>\r\n                    <ul>\r\n                        <li><strong>ADC 49:<\/strong> M\u00e9rito (2021), modula\u00e7\u00e3o (19\/04\/2023), efeitos a partir de 2024.<\/li>\r\n                        <li><strong>Tema 1367 (22\/08\/2025):<\/strong> Desfecho final que pro\u00edbe a cobran\u00e7a retroativa.<\/li>\r\n                        <li><strong>S\u00famula 166\/STJ:<\/strong> Deslocamento entre estabelecimentos n\u00e3o \u00e9 fato gerador de ICMS.<\/li>\r\n                    <\/ul>\r\n                    <hr style=\"margin: 40px 0; border: 1px solid #e9ecef;\">\r\n                    <p style=\"font-size: 0.9em; font-style: italic; text-align: right;\">\r\n                        <strong>Leonardo Amaral<\/strong><br>\r\n                        Advogado fundador do Amaral & Melo Advogados<br>\r\n                        Especialista em tributa\u00e7\u00e3o no agroneg\u00f3cio (desde 2005) | Mestre e Professor de Direito Tribut\u00e1rio\r\n                    <\/p>\r\n                <\/div>\r\n\r\n                <!-- Coluna Lateral com Cita\u00e7\u00f5es -->\r\n                <aside class=\"quotes-column\">\r\n                    <blockquote class=\"quote-agro-legal\">\r\n                        <div class=\"quote-container-agro\">\r\n                            <div class=\"quote-mark-agro\">\"<\/div>\r\n                            <p class=\"quote-text-agro\">O boi continua sendo seu, s\u00f3 mudou de pasto. Uma verdade simples que a burocracia transformou em um pesadelo jur\u00eddico de anos.<\/p>\r\n                            <div class=\"quote-mark-end-agro\">\"<\/div>\r\n                        <\/div>\r\n                        <div class=\"quote-accent-agro\"><\/div>\r\n                    <\/blockquote>\r\n                    <blockquote class=\"quote-agro-legal\">\r\n                        <div class=\"quote-container-agro\">\r\n                            <div class=\"quote-mark-agro\">\"<\/div>\r\n                            <p class=\"quote-text-agro\">A pior inseguran\u00e7a jur\u00eddica \u00e9 a que nasce de uma decis\u00e3o que deveria trazer seguran\u00e7a. O contribuinte ficou no fogo cruzado entre o fisco e a pr\u00f3pria corte.<\/p>\r\n                            <div class=\"quote-mark-end-agro\">\"<\/div>\r\n                        <\/div>\r\n                        <div class=\"quote-accent-agro\"><\/div>\r\n                    <\/blockquote>\r\n                    <blockquote class=\"quote-agro-legal\">\r\n                        <div class=\"quote-container-agro\">\r\n                            <div class=\"quote-mark-agro\">\"<\/div>\r\n                            <p class=\"quote-text-agro\">A 'autorregulariza\u00e7\u00e3o' foi um convite para pagar o indevido sob a amea\u00e7a do incalcul\u00e1vel. Uma t\u00e1tica de press\u00e3o que explorou o caos jur\u00eddico.<\/p>\r\n                            <div class=\"quote-mark-end-agro\">\"<\/div>\r\n                        <\/div>\r\n                        <div class=\"quote-accent-agro\"><\/div>\r\n                    <\/blockquote>\r\n                     <blockquote class=\"quote-agro-legal\">\r\n                        <div class=\"quote-container-agro\">\r\n                            <div class=\"quote-mark-agro\">\"<\/div>\r\n                            <p class=\"quote-text-agro\">Justi\u00e7a tardia n\u00e3o apaga o preju\u00edzo de quem pagou por medo. A decis\u00e3o final corrigiu o rumo, mas o custo da instabilidade j\u00e1 estava no caixa do produtor.<\/p>\r\n                            <div class=\"quote-mark-end-agro\">\"<\/div>\r\n                        <\/div>\r\n                        <div class=\"quote-accent-agro\"><\/div>\r\n                    <\/blockquote>\r\n                     <blockquote class=\"quote-agro-legal\">\r\n                        <div class=\"quote-container-agro\">\r\n                            <div class=\"quote-mark-agro\">\"<\/div>\r\n                            <p class=\"quote-text-agro\">Seguran\u00e7a jur\u00eddica n\u00e3o \u00e9 um luxo para o agroneg\u00f3cio, \u00e9 o solo f\u00e9rtil sobre o qual se planeja a safra e se constr\u00f3i o futuro. Sem ela, todo investimento \u00e9 de risco.<\/p>\r\n                            <div class=\"quote-mark-end-agro\">\"<\/div>\r\n                        <\/div>\r\n                        <div class=\"quote-accent-agro\"><\/div>\r\n                    <\/blockquote>\r\n                <\/aside>\r\n\r\n            <\/div>\r\n        <\/div>\r\n    <\/main>\r\n\r\n    <footer class=\"section section-blue\">\r\n        <div class=\"container-interno\" style=\"text-align: left;\">\r\n            <h2>A li\u00e7\u00e3o sobre a necessidade de estabilidade<\/h2>\r\n            <p>O STF errou ao modular de modo a abrir margem para leituras oportunistas, e os estados erraram ao transformar isso em campanha de cobran\u00e7a. O m\u00e9rito era, e sempre foi, simples: sem mudan\u00e7a de titularidade, n\u00e3o h\u00e1 ICMS.<\/p>\r\n            <p style=\"margin-top: 25px; opacity: 0.9;\">O desfecho de 22 de agosto de 2025 corrige o rumo, mas n\u00e3o devolve a tranquilidade perdida nem o tempo gasto para se defender. Justi\u00e7a tardia \u00e9 custo no caixa do produtor. Seguran\u00e7a jur\u00eddica n\u00e3o \u00e9 luxo!<\/p>\r\n        <\/div>\r\n    <\/footer>\r\n\r\n<\/div>\r\n\r\n<script>\r\ndocument.addEventListener('DOMContentLoaded', function () {\r\n    const accordionHeaders = document.querySelectorAll('.accordion-header');\r\n\r\n    accordionHeaders.forEach(header => {\r\n        header.addEventListener('click', function () {\r\n            const accordionItem = this.parentElement;\r\n            const icon = this.querySelector('.accordion-icon');\r\n\r\n            \/\/ Fecha todos os outros itens abertos (opcional, para ter apenas um aberto por vez)\r\n            \/\/ document.querySelectorAll('.accordion-item.active').forEach(openItem => {\r\n            \/\/     if (openItem !== accordionItem) {\r\n            \/\/         openItem.classList.remove('active');\r\n            \/\/         openItem.querySelector('.accordion-icon').textContent = '+';\r\n            \/\/     }\r\n            \/\/ });\r\n\r\n            \/\/ Alterna o item clicado\r\n            accordionItem.classList.toggle('active');\r\n            if (accordionItem.classList.contains('active')) {\r\n                icon.textContent = '\u00d7'; \/\/ 'x' de fechar\r\n            } else {\r\n                icon.textContent = '+';\r\n            }\r\n        });\r\n    });\r\n});\r\n<\/script>\r\n\r\n<\/body>\r\n<\/html>\t\t\t\t<\/div>\n\t\t\t\t<\/div>\n\t\t\t\t\t<\/div>\n\t\t\t\t<\/div>\n\t\t\t\t<\/div>\n\t\t","protected":false},"excerpt":{"rendered":"<p>Uma decis\u00e3o mal modulada do STF sobre o ICMS na transfer\u00eancia de gado criou um limbo jur\u00eddico, que permitiu a estados como Mato Grosso cobrarem o imposto retroativamente, gerando caos e preju\u00edzo para produtores rurais. Felizmente, a mar\u00e9 virou. Em uma decis\u00e3o final, a corte proibiu essa cobran\u00e7a. Neste artigo, detalhamos essa reviravolta e oferecemos um guia pr\u00e1tico sobre o que fazer caso voc\u00ea tenha sido notificado, autuado ou at\u00e9 mesmo pago o imposto indevidamente.<\/p>\n","protected":false},"author":7,"featured_media":15688,"comment_status":"open","ping_status":"open","sticky":false,"template":"elementor_header_footer","format":"standard","meta":{"_eb_attr":"","footnotes":""},"categories":[98,168],"tags":[22,86,163,156,123,79,166,167,88,164,49,165],"class_list":["post-15713","post","type-post","status-publish","format-standard","has-post-thumbnail","hentry","category-artigos","category-destaque","tag-agronegocio","tag-arrendamento-rural","tag-contrato-de-gaveta","tag-direito-tributario","tag-fiscalizacao-receita-federal","tag-lcdpr","tag-multa-dirpf","tag-obrigacao-acessoria","tag-parceria-rural","tag-planejamento-tributario-agro","tag-produtor-rural","tag-risco-fiscal"],"_links":{"self":[{"href":"https:\/\/alexjmarques.com.br\/amaralemelo\/wp-json\/wp\/v2\/posts\/15713","targetHints":{"allow":["GET"]}}],"collection":[{"href":"https:\/\/alexjmarques.com.br\/amaralemelo\/wp-json\/wp\/v2\/posts"}],"about":[{"href":"https:\/\/alexjmarques.com.br\/amaralemelo\/wp-json\/wp\/v2\/types\/post"}],"author":[{"embeddable":true,"href":"https:\/\/alexjmarques.com.br\/amaralemelo\/wp-json\/wp\/v2\/users\/7"}],"replies":[{"embeddable":true,"href":"https:\/\/alexjmarques.com.br\/amaralemelo\/wp-json\/wp\/v2\/comments?post=15713"}],"version-history":[{"count":1,"href":"https:\/\/alexjmarques.com.br\/amaralemelo\/wp-json\/wp\/v2\/posts\/15713\/revisions"}],"predecessor-version":[{"id":15714,"href":"https:\/\/alexjmarques.com.br\/amaralemelo\/wp-json\/wp\/v2\/posts\/15713\/revisions\/15714"}],"wp:featuredmedia":[{"embeddable":true,"href":"https:\/\/alexjmarques.com.br\/amaralemelo\/wp-json\/wp\/v2\/media\/15688"}],"wp:attachment":[{"href":"https:\/\/alexjmarques.com.br\/amaralemelo\/wp-json\/wp\/v2\/media?parent=15713"}],"wp:term":[{"taxonomy":"category","embeddable":true,"href":"https:\/\/alexjmarques.com.br\/amaralemelo\/wp-json\/wp\/v2\/categories?post=15713"},{"taxonomy":"post_tag","embeddable":true,"href":"https:\/\/alexjmarques.com.br\/amaralemelo\/wp-json\/wp\/v2\/tags?post=15713"}],"curies":[{"name":"wp","href":"https:\/\/api.w.org\/{rel}","templated":true}]}}