{"id":15284,"date":"2025-07-30T12:52:27","date_gmt":"2025-07-30T15:52:27","guid":{"rendered":"https:\/\/amaralemelo.com\/?p=15284"},"modified":"2025-08-29T13:18:16","modified_gmt":"2025-08-29T16:18:16","slug":"tarifaco-de-trump-como-a-taxacao-pode-redesenhar-o-agronegocio-brasileiro","status":"publish","type":"post","link":"https:\/\/alexjmarques.com.br\/amaralemelo\/artigos\/tarifaco-de-trump-como-a-taxacao-pode-redesenhar-o-agronegocio-brasileiro\/","title":{"rendered":"Tarifa\u00e7o de Trump: como a taxa\u00e7\u00e3o pode redesenhar o Agroneg\u00f3cio Brasileiro?"},"content":{"rendered":"\t\t<div data-elementor-type=\"wp-post\" data-elementor-id=\"15284\" class=\"elementor elementor-15284\" data-elementor-post-type=\"post\">\n\t\t\t\t<div data-particle_enable=\"false\" data-particle-mobile-disabled=\"false\" class=\"elementor-element elementor-element-60d5719d e-flex e-con-boxed e-con e-parent\" data-id=\"60d5719d\" data-element_type=\"container\">\n\t\t\t\t\t<div class=\"e-con-inner\">\n\t\t\t\t<div class=\"elementor-element elementor-element-02c6a2b elementor-widget elementor-widget-html\" data-id=\"02c6a2b\" data-element_type=\"widget\" data-widget_type=\"html.default\">\n\t\t\t\t<div class=\"elementor-widget-container\">\n\t\t\t\t\t<style>\r\n\/* --- Configura\u00e7\u00f5es Globais e Paleta de Cores --- *\/\r\n.artigo-juridico-container {\r\n    --primary-blue: #13365b;\r\n    --accent-gold: #ba904a;\r\n    --light-bg: #f8f9fa;\r\n    --dark-text: #343a40;\r\n    --white-text: #ffffff;\r\n    \r\n    font-family: -apple-system, BlinkMacSystemFont, \"Segoe UI\", Roboto, \"Helvetica Neue\", Arial, sans-serif;\r\n    line-height: 1.7;\r\n    color: var(--dark-text);\r\n    background-color: var(--light-bg);\r\n}\r\n\r\n\/* --- Estrutura Principal (Full-Width) --- *\/\r\n.artigo-juridico-container .section {\r\n    width: 100%;\r\n    padding: 60px 0;\r\n    box-sizing: border-box;\r\n}\r\n.artigo-juridico-container .section-blue {\r\n    background-color: var(--primary-blue);\r\n    color: var(--white-text);\r\n}\r\n.artigo-juridico-container .section-white {\r\n    background-color: #ffffff;\r\n}\r\n.artigo-juridico-container .container-interno {\r\n    max-width: 1200px;\r\n    margin: 0 auto;\r\n    padding: 0 25px;\r\n}\r\n\r\n\/* --- Layout Principal do Artigo (2 Colunas) --- *\/\r\n.main-content-grid {\r\n    display: flex;\r\n    align-items: flex-start;\r\n    gap: 40px;\r\n}\r\n.article-column {\r\n    flex: 2;\r\n    min-width: 0;\r\n}\r\n.quotes-column {\r\n    flex: 1;\r\n    position: sticky;\r\n    top: 20px;\r\n    display: flex;\r\n    flex-direction: column;\r\n    gap: 30px;\r\n    min-width: 0;\r\n}\r\n\r\n\/* --- Tipografia e T\u00edtulos --- *\/\r\n.artigo-juridico-container h1 {\r\n    font-size: 2.8em;\r\n    text-align: center;\r\n    margin-bottom: 10px;\r\n    color: var(--white-text);\r\n}\r\n.artigo-juridico-container h2 {\r\n    font-size: 2em;\r\n    color: var(--accent-gold);\r\n    margin-bottom: 25px;\r\n    padding-bottom: 10px;\r\n    border-bottom: 2px solid #e9ecef;\r\n}\r\n.artigo-juridico-container h3 {\r\n    font-size: 1.4em;\r\n    color: var(--primary-blue);\r\n    margin-bottom: 15px;\r\n}\r\n.artigo-juridico-container p,\r\n.artigo-juridico-container li {\r\n    font-size: 1.1em;\r\n    margin-bottom: 1.2em;\r\n}\r\n.artigo-juridico-container strong {\r\n    color: var(--primary-blue);\r\n}\r\n\r\n\/* --- NOVO: Estilos para Pop-up de Informa\u00e7\u00e3o 'i' --- *\/\r\n.topic-header {\r\n    display: flex;\r\n    align-items: center;\r\n    gap: 10px;\r\n}\r\n.info-popup-container {\r\n    position: relative;\r\n    display: inline-block;\r\n}\r\n.info-icon {\r\n    display: flex;\r\n    align-items: center;\r\n    justify-content: center;\r\n    width: 24px;\r\n    height: 24px;\r\n    background-color: var(--primary-blue);\r\n    color: var(--white-text);\r\n    border-radius: 50%;\r\n    font-weight: bold;\r\n    font-family: serif;\r\n    cursor: pointer;\r\n    transition: background-color 0.3s;\r\n}\r\n.info-icon:hover {\r\n    background-color: var(--accent-gold);\r\n}\r\n.info-popup-box {\r\n    visibility: hidden;\r\n    opacity: 0;\r\n    width: 280px;\r\n    background-color: var(--dark-text);\r\n    color: var(--white-text);\r\n    text-align: center;\r\n    border-radius: 6px;\r\n    padding: 15px;\r\n    position: absolute;\r\n    z-index: 10;\r\n    bottom: 125%;\r\n    left: 50%;\r\n    margin-left: -140px;\r\n    transition: opacity 0.3s, visibility 0.3s;\r\n    box-shadow: 0 5px 15px rgba(0,0,0,0.2);\r\n}\r\n.info-popup-box::after { \/* Seta do pop-up *\/\r\n    content: \"\";\r\n    position: absolute;\r\n    top: 100%;\r\n    left: 50%;\r\n    margin-left: -5px;\r\n    border-width: 5px;\r\n    border-style: solid;\r\n    border-color: var(--dark-text) transparent transparent transparent;\r\n}\r\n.info-popup-container:hover .info-popup-box {\r\n    visibility: visible;\r\n    opacity: 1;\r\n}\r\n.info-popup-box p {\r\n    font-size: 0.9em;\r\n    line-height: 1.5;\r\n    margin: 0;\r\n    color: var(--white-text);\r\n}\r\n\r\n\/* --- Estilos das Cita\u00e7\u00f5es de Impacto (Adaptado para Sidebar) --- *\/\r\n.quote-agro-legal {\r\n    position: relative;\r\n    padding: 30px 25px;\r\n    background: linear-gradient(135deg, #0f2a4b, var(--primary-blue));\r\n    border-radius: 15px;\r\n    box-shadow: 0 10px 30px rgba(0,0,0,0.2);\r\n    overflow: hidden;\r\n    width: 100%;\r\n    box-sizing: border-box;\r\n}\r\n.quote-container-agro {\r\n    position: relative;\r\n    z-index: 2;\r\n}\r\n.quote-accent-agro {\r\n    position: absolute;\r\n    top: -50%; right: -20%;\r\n    width: 100%; height: 200%;\r\n    background: linear-gradient(45deg, var(--accent-gold) 0%, #d4a95a 100%);\r\n    opacity: 0.08;\r\n    transform: rotate(-15deg);\r\n}\r\n.quote-mark-agro, .quote-mark-end-agro {\r\n    font-family: 'Georgia', serif;\r\n    position: absolute;\r\n    color: var(--accent-gold);\r\n    font-size: 80px;\r\n    line-height: 1;\r\n}\r\n.quote-mark-agro { top: -15px; left: -5px; opacity: 0.8; }\r\n.quote-mark-end-agro { bottom: -60px; right: -5px; opacity: 0.4; }\r\n.quote-text-agro {\r\n    position: relative;\r\n    font-size: 18px;\r\n    line-height: 1.6;\r\n    color: #ffffff;\r\n    font-weight: 600;\r\n    text-align: center;\r\n    margin: 0;\r\n}\r\n\r\n\/* --- Responsividade --- *\/\r\n@media (max-width: 992px) {\r\n    .main-content-grid { flex-direction: column; }\r\n    .quotes-column { position: static; width: 100%; }\r\n}\r\n@media (max-width: 768px) {\r\n    .section { padding: 40px 0; }\r\n    h1 { font-size: 2.2em; }\r\n    h2 { font-size: 1.6em; }\r\n    p, li { font-size: 1em; }\r\n}\r\n<\/style>\r\n\r\n<div class=\"artigo-juridico-container\">\r\n\r\n    <header class=\"section section-blue\">\r\n        <div class=\"container-interno\">\r\n            <h1>Tarifa\u00e7o de Trump: Como a Taxa\u00e7\u00e3o Pode Redesenhar o Agroneg\u00f3cio Brasileiro?<\/h1>\r\n        <\/div>\r\n    <\/header>\r\n\r\n    <main class=\"section section-white\">\r\n        <div class=\"container-interno\">\r\n            <div class=\"main-content-grid\">\r\n                \r\n                <!-- Coluna Principal do Artigo -->\r\n                <div class=\"article-column\">\r\n                    <p>Voc\u00ea sabia que, em 2025, uma decis\u00e3o pol\u00edtica nos Estados Unidos pode ter o mesmo efeito de uma tempestade sobre os campos brasileiros? O chamado \u201ctarifa\u00e7o\u201d \u2013 uma s\u00e9rie de taxa\u00e7\u00f5es anunciadas pelo governo de Donald Trump sobre produtos agr\u00edcolas do Brasil \u2013 j\u00e1 come\u00e7a a impactar exportadores, produtores rurais e gestores de toda a cadeia do agroneg\u00f3cio nacional.<\/p>\r\n                    <p>Diante da amea\u00e7a de perder espa\u00e7o no maior mercado consumidor do mundo, o setor se depara com perguntas urgentes: o que muda na pr\u00e1tica? Quais s\u00e3o os riscos reais para produtos como suco de laranja, carne, caf\u00e9 e frutas? E, mais importante, como se preparar para um cen\u00e1rio de maior volatilidade?<\/p>\r\n\r\n                    <div class=\"topic-header\">\r\n                        <h2>1. Contexto do Tarifa\u00e7o<\/h2>\r\n                        <div class=\"info-popup-container\">\r\n                            <span class=\"info-icon\">i<\/span>\r\n                            <div class=\"info-popup-box\"><p>Entenda a origem das taxas, alinhadas \u00e0 pol\u00edtica protecionista dos EUA para favorecer o produtor local e combater supostas pr\u00e1ticas desleais.<\/p><\/div>\r\n                        <\/div>\r\n                    <\/div>\r\n                    <p>O tarifa\u00e7o de 2025 n\u00e3o surgiu do nada. Trata-se de um movimento alinhado \u00e0 pol\u00edtica protecionista dos Estados Unidos, intensificada durante a nova gest\u00e3o de Donald Trump. A alega\u00e7\u00e3o central \u00e9 proteger o produtor americano e combater pr\u00e1ticas comerciais consideradas \u201cdesleais\u201d, mas o efeito pr\u00e1tico \u00e9 o aumento imediato das tarifas sobre produtos como suco de laranja, carne bovina, caf\u00e9 e frutas vindos do Brasil.<\/p>\r\n\r\n                    <div class=\"topic-header\">\r\n                        <h2>2. Problemas e Desafios para o Agro<\/h2>\r\n                        <div class=\"info-popup-container\">\r\n                            <span class=\"info-icon\">i<\/span>\r\n                            <div class=\"info-popup-box\"><p>Veja os impactos diretos: queda nas exporta\u00e7\u00f5es, aumento de custos, press\u00e3o sobre os pre\u00e7os internos e incerteza para o planejamento de safras e investimentos.<\/p><\/div>\r\n                        <\/div>\r\n                    <\/div>\r\n                    <p>O tarifa\u00e7o trouxe preocupa\u00e7\u00f5es reais para quem vive do campo: queda nas exporta\u00e7\u00f5es, aumento dos custos operacionais, press\u00e3o sobre pre\u00e7os internos, incerteza para planejamento e risco de perda de contratos e clientes tradicionais.<\/p>\r\n\r\n                    <div class=\"topic-header\">\r\n                        <h2>3. Solu\u00e7\u00f5es e Oportunidades<\/h2>\r\n                        <div class=\"info-popup-container\">\r\n                            <span class=\"info-icon\">i<\/span>\r\n                            <div class=\"info-popup-box\"><p>Descubra estrat\u00e9gias para mitigar os riscos, como diversificar mercados (\u00c1sia, Europa), agregar valor com certifica\u00e7\u00f5es e usar tecnologia para gest\u00e3o de risco.<\/p><\/div>\r\n                        <\/div>\r\n                    <\/div>\r\n                    <p>Apesar do cen\u00e1rio desafiador, existem caminhos para mitigar os impactos: diversifica\u00e7\u00e3o de mercados, valor agregado e diferencia\u00e7\u00e3o, inova\u00e7\u00e3o e tecnologia, a\u00e7\u00f5es coletivas e gest\u00e3o de risco.<\/p>\r\n\r\n                    <div class=\"topic-header\">\r\n                        <h2>4. Casos Pr\u00e1ticos<\/h2>\r\n                        <div class=\"info-popup-container\">\r\n                            <span class=\"info-icon\">i<\/span>\r\n                            <div class=\"info-popup-box\"><p>Conhe\u00e7a exemplos de empresas que j\u00e1 est\u00e3o reagindo, redirecionando produ\u00e7\u00e3o para a Europa, fechando contratos com o Oriente M\u00e9dio e investindo em valor agregado.<\/p><\/div>\r\n                        <\/div>\r\n                    <\/div>\r\n                    <p>Empresas e cooperativas de diferentes portes j\u00e1 est\u00e3o reagindo ao tarifa\u00e7o, redirecionando produ\u00e7\u00e3o, fechando novos contratos com outros continentes e investindo em certifica\u00e7\u00f5es para acessar mercados exigentes.<\/p>\r\n\r\n                    <div class=\"topic-header\">\r\n                        <h2>5. Recursos para Monitorar Tend\u00eancias<\/h2>\r\n                        <div class=\"info-popup-container\">\r\n                            <span class=\"info-icon\">i<\/span>\r\n                            <div class=\"info-popup-box\"><p>Acesse fontes de informa\u00e7\u00e3o confi\u00e1veis para se manter atualizado, como portais de not\u00edcias, associa\u00e7\u00f5es setoriais (CNA, ABIEC) e consultorias especializadas.<\/p><\/div>\r\n                        <\/div>\r\n                    <\/div>\r\n                    <p>Para enfrentar esse cen\u00e1rio, informa\u00e7\u00e3o de qualidade \u00e9 fundamental. Acesse portais de associa\u00e7\u00f5es como CNA e ABIEC, busque consultorias em com\u00e9rcio exterior e participe de feiras e eventos internacionais.<\/p>\r\n                <\/div>\r\n\r\n                <!-- Coluna Lateral com Cita\u00e7\u00f5es -->\r\n                <aside class=\"quotes-column\">\r\n                    <blockquote class=\"quote-agro-legal\">\r\n                        <div class=\"quote-container-agro\">\r\n                            <div class=\"quote-mark-agro\">\"<\/div>\r\n                            <p class=\"quote-text-agro\">Uma caneta em Washington pode ser mais devastadora para a lavoura do que uma geada. O protecionismo n\u00e3o tem safra, ele \u00e9 constante.<\/p>\r\n                            <div class=\"quote-mark-end-agro\">\"<\/div>\r\n                        <\/div>\r\n                        <div class=\"quote-accent-agro\"><\/div>\r\n                    <\/blockquote>\r\n                    <blockquote class=\"quote-agro-legal\">\r\n                        <div class=\"quote-container-agro\">\r\n                            <div class=\"quote-mark-agro\">\"<\/div>\r\n                            <p class=\"quote-text-agro\">O maior risco n\u00e3o est\u00e1 na tarifa, mas na incerteza. Planejar sem previsibilidade \u00e9 como navegar em um oceano sem b\u00fassola.<\/p>\r\n                            <div class=\"quote-mark-end-agro\">\"<\/div>\r\n                        <\/div>\r\n                        <div class=\"quote-accent-agro\"><\/div>\r\n                    <\/blockquote>\r\n                    <blockquote class=\"quote-agro-legal\">\r\n                        <div class=\"quote-container-agro\">\r\n                            <div class=\"quote-mark-agro\">\"<\/div>\r\n                            <p class=\"quote-text-agro\">Quando uma porta se fecha, o mundo se torna um mapa de novas janelas. A diversifica\u00e7\u00e3o n\u00e3o \u00e9 um plano B, \u00e9 a nova intelig\u00eancia do neg\u00f3cio.<\/p>\r\n                            <div class=\"quote-mark-end-agro\">\"<\/div>\r\n                        <\/div>\r\n                        <div class=\"quote-accent-agro\"><\/div>\r\n                    <\/blockquote>\r\n                     <blockquote class=\"quote-agro-legal\">\r\n                        <div class=\"quote-container-agro\">\r\n                            <div class=\"quote-mark-agro\">\"<\/div>\r\n                            <p class=\"quote-text-agro\">Os pioneiros n\u00e3o esperam a tempestade passar. Eles aprendem a dan\u00e7ar na chuva e a vender guarda-chuvas para os outros.<\/p>\r\n                            <div class=\"quote-mark-end-agro\">\"<\/div>\r\n                        <\/div>\r\n                        <div class=\"quote-accent-agro\"><\/div>\r\n                    <\/blockquote>\r\n                     <blockquote class=\"quote-agro-legal\">\r\n                        <div class=\"quote-container-agro\">\r\n                            <div class=\"quote-mark-agro\">\"<\/div>\r\n                            <p class=\"quote-text-agro\">Em tempos de guerra comercial, a informa\u00e7\u00e3o n\u00e3o \u00e9 apenas poder. \u00c9 a sua melhor muni\u00e7\u00e3o e o seu escudo mais resistente.<\/p>\r\n                            <div class=\"quote-mark-end-agro\">\"<\/div>\r\n                        <\/div>\r\n                        <div class=\"quote-accent-agro\"><\/div>\r\n                    <\/blockquote>\r\n                <\/aside>\r\n\r\n            <\/div>\r\n        <\/div>\r\n    <\/main>\r\n\r\n    <footer class=\"section section-blue\">\r\n        <div class=\"container-interno\" style=\"text-align: center;\">\r\n            <h2>A\u00e7\u00e3o Estrat\u00e9gica \u00e9 a Resposta<\/h2>\r\n            <p>O tarifa\u00e7o imposto pelo governo de Donald Trump n\u00e3o \u00e9 apenas um desafio tempor\u00e1rio: representa uma mudan\u00e7a estrutural. Para os gestores do agroneg\u00f3cio brasileiro, a li\u00e7\u00e3o \u00e9 clara: depender de poucos mercados nunca foi t\u00e3o arriscado.<\/p>\r\n            <p style=\"margin-top: 25px; opacity: 0.9;\">Ao diversificar parceiros, investir em valor agregado e buscar atualiza\u00e7\u00e3o constante, o produtor rural e o gestor ganham musculatura para enfrentar crises e transformar incertezas em novas oportunidades de crescimento.<\/p>\r\n        <\/div>\r\n    <\/footer>\r\n\r\n<\/div>\t\t\t\t<\/div>\n\t\t\t\t<\/div>\n\t\t\t\t\t<\/div>\n\t\t\t\t<\/div>\n\t\t\t\t<\/div>\n\t\t","protected":false},"excerpt":{"rendered":"<p>Descubra como o tarifa\u00e7o de Trump impacta o agro brasileiro e o que gestores e produtores podem fazer para minimizar perdas.<\/p>\n","protected":false},"author":7,"featured_media":15285,"comment_status":"open","ping_status":"open","sticky":false,"template":"elementor_header_footer","format":"standard","meta":{"_eb_attr":"","footnotes":""},"categories":[98],"tags":[22,152,149,151,147,150,148],"class_list":["post-15284","post","type-post","status-publish","format-standard","has-post-thumbnail","hentry","category-artigos","tag-agronegocio","tag-estrategias-agro","tag-exportacoes","tag-mercados-internacionais","tag-tarifaco","tag-taxacoes","tag-trump"],"_links":{"self":[{"href":"https:\/\/alexjmarques.com.br\/amaralemelo\/wp-json\/wp\/v2\/posts\/15284","targetHints":{"allow":["GET"]}}],"collection":[{"href":"https:\/\/alexjmarques.com.br\/amaralemelo\/wp-json\/wp\/v2\/posts"}],"about":[{"href":"https:\/\/alexjmarques.com.br\/amaralemelo\/wp-json\/wp\/v2\/types\/post"}],"author":[{"embeddable":true,"href":"https:\/\/alexjmarques.com.br\/amaralemelo\/wp-json\/wp\/v2\/users\/7"}],"replies":[{"embeddable":true,"href":"https:\/\/alexjmarques.com.br\/amaralemelo\/wp-json\/wp\/v2\/comments?post=15284"}],"version-history":[{"count":4,"href":"https:\/\/alexjmarques.com.br\/amaralemelo\/wp-json\/wp\/v2\/posts\/15284\/revisions"}],"predecessor-version":[{"id":15289,"href":"https:\/\/alexjmarques.com.br\/amaralemelo\/wp-json\/wp\/v2\/posts\/15284\/revisions\/15289"}],"wp:featuredmedia":[{"embeddable":true,"href":"https:\/\/alexjmarques.com.br\/amaralemelo\/wp-json\/wp\/v2\/media\/15285"}],"wp:attachment":[{"href":"https:\/\/alexjmarques.com.br\/amaralemelo\/wp-json\/wp\/v2\/media?parent=15284"}],"wp:term":[{"taxonomy":"category","embeddable":true,"href":"https:\/\/alexjmarques.com.br\/amaralemelo\/wp-json\/wp\/v2\/categories?post=15284"},{"taxonomy":"post_tag","embeddable":true,"href":"https:\/\/alexjmarques.com.br\/amaralemelo\/wp-json\/wp\/v2\/tags?post=15284"}],"curies":[{"name":"wp","href":"https:\/\/api.w.org\/{rel}","templated":true}]}}