{"id":15237,"date":"2025-07-08T12:47:22","date_gmt":"2025-07-08T15:47:22","guid":{"rendered":"https:\/\/amaralemelo.com\/?p=15237"},"modified":"2025-08-29T13:18:25","modified_gmt":"2025-08-29T16:18:25","slug":"uma-nova-marca-mas-com-o-mesmo-profissionalismo","status":"publish","type":"post","link":"https:\/\/alexjmarques.com.br\/amaralemelo\/eventos\/uma-nova-marca-mas-com-o-mesmo-profissionalismo\/","title":{"rendered":"Uma Nova Marca, a Mesma Ess\u00eancia: Protegendo o que o Produtor Rural Cultiva"},"content":{"rendered":"\n<div class=\"wp-block-columns is-layout-flex wp-container-core-columns-is-layout-28f84493 wp-block-columns-is-layout-flex\">\n<div class=\"wp-block-column is-layout-flow wp-block-column-is-layout-flow\">\n<p>Com quase 20 anos de hist\u00f3ria dedicada \u00e0 <strong>defesa jur\u00eddica do agroneg\u00f3cio<\/strong>, a Amaral e Melo Advogados d\u00e1 um novo passo: o lan\u00e7amento da sua <strong>nova marca<\/strong>. A mudan\u00e7a marca o in\u00edcio de uma nova fase, sem perder aquilo que nos tornou refer\u00eancia: a <strong>proximidade com o produtor rural<\/strong>, o <strong>compromisso com resultados concretos<\/strong> e a <strong>prote\u00e7\u00e3o do patrim\u00f4nio constru\u00eddo com tanto esfor\u00e7o<\/strong>.<\/p>\n\n\n\n<p>Instalado em <strong>Rio Verde e Jata\u00ed (GO)<\/strong>, o escrit\u00f3rio acompanha de perto as transforma\u00e7\u00f5es do campo e entende que o <strong>direito no agroneg\u00f3cio precisa evoluir junto com o produtor<\/strong>. O novo posicionamento responde \u00e0s exig\u00eancias de um mercado mais t\u00e9cnico, competitivo e desafiador. E mais: mostra que seguimos <strong>fortes, confi\u00e1veis e prontos para os pr\u00f3ximos ciclos<\/strong>.<\/p>\n<\/div>\n\n\n\n<div class=\"wp-block-column is-layout-flow wp-block-column-is-layout-flow\">\n<figure class=\"wp-block-image aligncenter size-large is-resized\"><img fetchpriority=\"high\" decoding=\"async\" width=\"1024\" height=\"683\" src=\"https:\/\/amaralemelo.com\/wp-content\/uploads\/2025\/07\/DSC01504-1-1024x683.png\" alt=\"\" class=\"wp-image-15245\" style=\"aspect-ratio:1.5;object-fit:cover;width:477px;height:auto\" srcset=\"https:\/\/alexjmarques.com.br\/amaralemelo\/wp-content\/uploads\/2025\/07\/DSC01504-1-1024x683.png 1024w, https:\/\/alexjmarques.com.br\/amaralemelo\/wp-content\/uploads\/2025\/07\/DSC01504-1-300x200.png 300w, https:\/\/alexjmarques.com.br\/amaralemelo\/wp-content\/uploads\/2025\/07\/DSC01504-1-768x512.png 768w, https:\/\/alexjmarques.com.br\/amaralemelo\/wp-content\/uploads\/2025\/07\/DSC01504-1-1536x1024.png 1536w, https:\/\/alexjmarques.com.br\/amaralemelo\/wp-content\/uploads\/2025\/07\/DSC01504-1-2048x1365.png 2048w, https:\/\/alexjmarques.com.br\/amaralemelo\/wp-content\/uploads\/2025\/07\/DSC01504-1-150x100.png 150w\" sizes=\"(max-width: 1024px) 100vw, 1024px\" \/><\/figure>\n<\/div>\n<\/div>\n\n\n\n<div class=\"wp-block-columns is-layout-flex wp-container-core-columns-is-layout-28f84493 wp-block-columns-is-layout-flex\">\n<div class=\"wp-block-column is-layout-flow wp-block-column-is-layout-flow\">\n<p class=\"has-text-align-left\">Mais do que um novo visual, o <strong>rebranding da Amaral e Melo representa um compromisso renovado com quem faz o agro acontecer<\/strong>. Conhecemos o ritmo da fazenda, os desafios da safra, o peso das d\u00edvidas, o risco de uma execu\u00e7\u00e3o ou penhora. Por isso, desenvolvemos <strong>solu\u00e7\u00f5es jur\u00eddicas sob medida<\/strong> para que o produtor possa <strong>seguir produzindo com tranquilidade<\/strong>.<\/p>\n\n\n\n<p class=\"has-text-align-left\">A nova marca equilibra <strong>tradi\u00e7\u00e3o e inova\u00e7\u00e3o<\/strong> \u2014 assim como o perfil de muitos dos nossos clientes: produtores que respeitam o legado da fam\u00edlia, mas tamb\u00e9m investem em tecnologia, gest\u00e3o e futuro.<\/p>\n<\/div>\n\n\n\n<div class=\"wp-block-column is-layout-flow wp-block-column-is-layout-flow\">\n<blockquote class=\"wp-block-quote is-layout-flow wp-block-quote-is-layout-flow\">\n<blockquote class=\"wp-block-quote is-layout-flow wp-block-quote-is-layout-flow\">\n<p class=\"has-text-align-left\"><strong>\u201cNossa nova identidade transmite acolhimento e lideran\u00e7a. Continuamos firmes em nossos valores: transpar\u00eancia, responsabilidade, seguran\u00e7a e cuidado com a hist\u00f3ria do produtor rural\u201d<\/strong>, afirma o advogado e s\u00f3cio <strong>Thiago Amaral<\/strong>.<\/p>\n<\/blockquote>\n\n\n\n<blockquote class=\"wp-block-quote has-text-align-left is-layout-flow wp-block-quote-is-layout-flow\">\n<p class=\"has-text-align-left\">\u201cEstamos aprimorando nossa comunica\u00e7\u00e3o e criando projetos para <strong>nos aproximar ainda mais do campo<\/strong>, com a mesma excel\u00eancia de sempre\u201d, refor\u00e7a Thiago.<\/p>\n<\/blockquote>\n<\/blockquote>\n<\/div>\n<\/div>\n\n\n\n<div class=\"wp-block-columns is-layout-flex wp-container-core-columns-is-layout-28f84493 wp-block-columns-is-layout-flex\">\n<div class=\"wp-block-column is-vertically-aligned-top is-layout-flow wp-block-column-is-layout-flow\">\n<figure class=\"wp-block-gallery has-nested-images columns-default is-cropped wp-block-gallery-1 is-layout-flex wp-block-gallery-is-layout-flex\">\n<figure class=\"wp-block-image size-large\"><img decoding=\"async\" width=\"1024\" height=\"683\" data-id=\"15244\" src=\"https:\/\/amaralemelo.com\/wp-content\/uploads\/2025\/07\/DSC01370-1-1024x683.png\" alt=\"\" class=\"wp-image-15244\" srcset=\"https:\/\/alexjmarques.com.br\/amaralemelo\/wp-content\/uploads\/2025\/07\/DSC01370-1-1024x683.png 1024w, https:\/\/alexjmarques.com.br\/amaralemelo\/wp-content\/uploads\/2025\/07\/DSC01370-1-300x200.png 300w, https:\/\/alexjmarques.com.br\/amaralemelo\/wp-content\/uploads\/2025\/07\/DSC01370-1-768x512.png 768w, https:\/\/alexjmarques.com.br\/amaralemelo\/wp-content\/uploads\/2025\/07\/DSC01370-1-1536x1024.png 1536w\" sizes=\"(max-width: 1024px) 100vw, 1024px\" \/><\/figure>\n\n\n\n<figure class=\"wp-block-image size-large\"><img decoding=\"async\" width=\"1024\" height=\"683\" data-id=\"15247\" src=\"https:\/\/amaralemelo.com\/wp-content\/uploads\/2025\/07\/DSC01411-1024x683.png\" alt=\"\" class=\"wp-image-15247\" srcset=\"https:\/\/alexjmarques.com.br\/amaralemelo\/wp-content\/uploads\/2025\/07\/DSC01411-1024x683.png 1024w, https:\/\/alexjmarques.com.br\/amaralemelo\/wp-content\/uploads\/2025\/07\/DSC01411-300x200.png 300w, https:\/\/alexjmarques.com.br\/amaralemelo\/wp-content\/uploads\/2025\/07\/DSC01411-768x512.png 768w\" sizes=\"(max-width: 1024px) 100vw, 1024px\" \/><\/figure>\n\n\n\n<figure class=\"wp-block-image size-large\"><img loading=\"lazy\" decoding=\"async\" width=\"1024\" height=\"683\" data-id=\"15248\" src=\"https:\/\/amaralemelo.com\/wp-content\/uploads\/2025\/07\/DSC01404-1024x683.png\" alt=\"\" class=\"wp-image-15248\" srcset=\"https:\/\/alexjmarques.com.br\/amaralemelo\/wp-content\/uploads\/2025\/07\/DSC01404-1024x683.png 1024w, https:\/\/alexjmarques.com.br\/amaralemelo\/wp-content\/uploads\/2025\/07\/DSC01404-300x200.png 300w, https:\/\/alexjmarques.com.br\/amaralemelo\/wp-content\/uploads\/2025\/07\/DSC01404-768x512.png 768w, https:\/\/alexjmarques.com.br\/amaralemelo\/wp-content\/uploads\/2025\/07\/DSC01404-1536x1024.png 1536w\" sizes=\"(max-width: 1024px) 100vw, 1024px\" \/><\/figure>\n\n\n\n<figure class=\"wp-block-image size-large\"><img loading=\"lazy\" decoding=\"async\" width=\"1024\" height=\"683\" data-id=\"15250\" src=\"https:\/\/amaralemelo.com\/wp-content\/uploads\/2025\/07\/DSC01410-1024x683.png\" alt=\"\" class=\"wp-image-15250\" srcset=\"https:\/\/alexjmarques.com.br\/amaralemelo\/wp-content\/uploads\/2025\/07\/DSC01410-1024x683.png 1024w, https:\/\/alexjmarques.com.br\/amaralemelo\/wp-content\/uploads\/2025\/07\/DSC01410-300x200.png 300w, https:\/\/alexjmarques.com.br\/amaralemelo\/wp-content\/uploads\/2025\/07\/DSC01410-768x512.png 768w, https:\/\/alexjmarques.com.br\/amaralemelo\/wp-content\/uploads\/2025\/07\/DSC01410-1536x1024.png 1536w\" sizes=\"(max-width: 1024px) 100vw, 1024px\" \/><\/figure>\n\n\n\n<figure class=\"wp-block-image size-large\"><img loading=\"lazy\" decoding=\"async\" width=\"1024\" height=\"683\" data-id=\"15249\" src=\"https:\/\/amaralemelo.com\/wp-content\/uploads\/2025\/07\/DSC01422-1024x683.png\" alt=\"\" class=\"wp-image-15249\" srcset=\"https:\/\/alexjmarques.com.br\/amaralemelo\/wp-content\/uploads\/2025\/07\/DSC01422-1024x683.png 1024w, https:\/\/alexjmarques.com.br\/amaralemelo\/wp-content\/uploads\/2025\/07\/DSC01422-300x200.png 300w, https:\/\/alexjmarques.com.br\/amaralemelo\/wp-content\/uploads\/2025\/07\/DSC01422-768x512.png 768w, https:\/\/alexjmarques.com.br\/amaralemelo\/wp-content\/uploads\/2025\/07\/DSC01422-1536x1024.png 1536w, https:\/\/alexjmarques.com.br\/amaralemelo\/wp-content\/uploads\/2025\/07\/DSC01422-2048x1365.png 2048w, https:\/\/alexjmarques.com.br\/amaralemelo\/wp-content\/uploads\/2025\/07\/DSC01422-150x100.png 150w\" sizes=\"(max-width: 1024px) 100vw, 1024px\" \/><\/figure>\n\n\n\n<figure class=\"wp-block-image size-large\"><img loading=\"lazy\" decoding=\"async\" width=\"1024\" height=\"683\" data-id=\"15252\" src=\"https:\/\/amaralemelo.com\/wp-content\/uploads\/2025\/07\/DSC01432-1024x683.png\" alt=\"\" class=\"wp-image-15252\" srcset=\"https:\/\/alexjmarques.com.br\/amaralemelo\/wp-content\/uploads\/2025\/07\/DSC01432-1024x683.png 1024w, https:\/\/alexjmarques.com.br\/amaralemelo\/wp-content\/uploads\/2025\/07\/DSC01432-300x200.png 300w, https:\/\/alexjmarques.com.br\/amaralemelo\/wp-content\/uploads\/2025\/07\/DSC01432-768x512.png 768w, https:\/\/alexjmarques.com.br\/amaralemelo\/wp-content\/uploads\/2025\/07\/DSC01432-1536x1024.png 1536w, https:\/\/alexjmarques.com.br\/amaralemelo\/wp-content\/uploads\/2025\/07\/DSC01432-2048x1365.png 2048w, https:\/\/alexjmarques.com.br\/amaralemelo\/wp-content\/uploads\/2025\/07\/DSC01432-150x100.png 150w\" sizes=\"(max-width: 1024px) 100vw, 1024px\" \/><\/figure>\n<\/figure>\n\n\n\n<p>Este reposicionamento simboliza <strong>uma nova fase<\/strong>, em que reafirmamos nossa miss\u00e3o: <strong>proteger o patrim\u00f4nio, o neg\u00f3cio e a fam\u00edlia do produtor rural goiano<\/strong>, com intelig\u00eancia jur\u00eddica, atua\u00e7\u00e3o estrat\u00e9gica e presen\u00e7a constante.<\/p>\n<\/div>\n\n\n\n<div class=\"wp-block-column is-vertically-aligned-top is-layout-flow wp-block-column-is-layout-flow\">\n<blockquote class=\"instagram-media\" data-instgrm-permalink=\"https:\/\/www.instagram.com\/reel\/DL0zv77NNIC\/\" data-instgrm-version=\"14\" style=\"width:45%; max-width:360px; margin:auto;\">\n<\/blockquote>\n<script async src=\"\/\/www.instagram.com\/embed.js\"><\/script>\n<\/div>\n<\/div>\n\n\n\n<div class=\"wp-block-columns is-layout-flex wp-container-core-columns-is-layout-28f84493 wp-block-columns-is-layout-flex\">\n<div class=\"wp-block-column is-layout-flow wp-block-column-is-layout-flow\"><\/div>\n\n\n\n<div class=\"wp-block-column is-layout-flow wp-block-column-is-layout-flow\"><\/div>\n<\/div>\n\n\n\n<p><\/p>\n\n\n\n<p><\/p>\n\n\n\n<p><\/p>\n\n\n\n<p><\/p>\n\n\n\n<p><\/p>\n","protected":false},"excerpt":{"rendered":"<p>Nova marca. Mesmo compromisso.<br \/>\nA Amaral e Melo Advogados est\u00e1 de cara nova \u2014 mas com a mesma ess\u00eancia: proteger o produtor rural, seu patrim\u00f4nio e sua fam\u00edlia.<\/p>\n<p>Com quase 20 anos de hist\u00f3ria no jur\u00eddico do agro em Jata\u00ed e Rio Verde (GO), damos um passo \u00e0 frente para acompanhar a evolu\u00e7\u00e3o do campo, sem abrir m\u00e3o da tradi\u00e7\u00e3o, da proximidade e da excel\u00eancia.<\/p>\n<p>Seguimos firmes ao seu lado.<br \/>\nPorque o que voc\u00ea cultiva, n\u00f3s protegemos. <\/p>\n","protected":false},"author":7,"featured_media":15241,"comment_status":"open","ping_status":"open","sticky":false,"template":"","format":"standard","meta":{"_eb_attr":"","footnotes":""},"categories":[101],"tags":[],"class_list":["post-15237","post","type-post","status-publish","format-standard","has-post-thumbnail","hentry","category-eventos"],"_links":{"self":[{"href":"https:\/\/alexjmarques.com.br\/amaralemelo\/wp-json\/wp\/v2\/posts\/15237","targetHints":{"allow":["GET"]}}],"collection":[{"href":"https:\/\/alexjmarques.com.br\/amaralemelo\/wp-json\/wp\/v2\/posts"}],"about":[{"href":"https:\/\/alexjmarques.com.br\/amaralemelo\/wp-json\/wp\/v2\/types\/post"}],"author":[{"embeddable":true,"href":"https:\/\/alexjmarques.com.br\/amaralemelo\/wp-json\/wp\/v2\/users\/7"}],"replies":[{"embeddable":true,"href":"https:\/\/alexjmarques.com.br\/amaralemelo\/wp-json\/wp\/v2\/comments?post=15237"}],"version-history":[{"count":7,"href":"https:\/\/alexjmarques.com.br\/amaralemelo\/wp-json\/wp\/v2\/posts\/15237\/revisions"}],"predecessor-version":[{"id":15260,"href":"https:\/\/alexjmarques.com.br\/amaralemelo\/wp-json\/wp\/v2\/posts\/15237\/revisions\/15260"}],"wp:featuredmedia":[{"embeddable":true,"href":"https:\/\/alexjmarques.com.br\/amaralemelo\/wp-json\/wp\/v2\/media\/15241"}],"wp:attachment":[{"href":"https:\/\/alexjmarques.com.br\/amaralemelo\/wp-json\/wp\/v2\/media?parent=15237"}],"wp:term":[{"taxonomy":"category","embeddable":true,"href":"https:\/\/alexjmarques.com.br\/amaralemelo\/wp-json\/wp\/v2\/categories?post=15237"},{"taxonomy":"post_tag","embeddable":true,"href":"https:\/\/alexjmarques.com.br\/amaralemelo\/wp-json\/wp\/v2\/tags?post=15237"}],"curies":[{"name":"wp","href":"https:\/\/api.w.org\/{rel}","templated":true}]}}