{"id":13751,"date":"2025-06-17T08:59:31","date_gmt":"2025-06-17T11:59:31","guid":{"rendered":"https:\/\/amaralemelo.com\/?p=13751"},"modified":"2025-08-29T13:18:35","modified_gmt":"2025-08-29T16:18:35","slug":"atencao-produtor-rural-novas-regras-para-a-contagem-de-prazos-processuais","status":"publish","type":"post","link":"https:\/\/alexjmarques.com.br\/amaralemelo\/artigos\/atencao-produtor-rural-novas-regras-para-a-contagem-de-prazos-processuais\/","title":{"rendered":"Aten\u00e7\u00e3o, produtor rural: novas regras para a contagem de prazos processuais"},"content":{"rendered":"\t\t<div data-elementor-type=\"wp-post\" data-elementor-id=\"13751\" class=\"elementor elementor-13751\" data-elementor-post-type=\"post\">\n\t\t\t\t<div data-particle_enable=\"false\" data-particle-mobile-disabled=\"false\" class=\"elementor-element elementor-element-60d5719d e-flex e-con-boxed e-con e-parent\" data-id=\"60d5719d\" data-element_type=\"container\">\n\t\t\t\t\t<div class=\"e-con-inner\">\n\t\t\t\t<div class=\"elementor-element elementor-element-02c6a2b elementor-widget elementor-widget-html\" data-id=\"02c6a2b\" data-element_type=\"widget\" data-widget_type=\"html.default\">\n\t\t\t\t<div class=\"elementor-widget-container\">\n\t\t\t\t\t<style>\r\n\/* --- Configura\u00e7\u00f5es Globais e Paleta de Cores --- *\/\r\n.artigo-juridico-container {\r\n    --primary-blue: #13365b;\r\n    --accent-gold: #ba904a;\r\n    --light-bg: #f8f9fa;\r\n    --dark-text: #343a40;\r\n    --white-text: #ffffff;\r\n    \r\n    font-family: -apple-system, BlinkMacSystemFont, \"Segoe UI\", Roboto, \"Helvetica Neue\", Arial, sans-serif;\r\n    line-height: 1.7;\r\n    color: var(--dark-text);\r\n    background-color: var(--light-bg);\r\n}\r\n\r\n\/* --- Estrutura Principal (Full-Width) --- *\/\r\n.artigo-juridico-container .section {\r\n    width: 100%;\r\n    padding: 60px 0;\r\n    box-sizing: border-box;\r\n}\r\n.artigo-juridico-container .section-blue {\r\n    background-color: var(--primary-blue);\r\n    color: var(--white-text);\r\n}\r\n.artigo-juridico-container .section-white {\r\n    background-color: #ffffff;\r\n}\r\n.artigo-juridico-container .container-interno {\r\n    max-width: 1200px; \/* Aumentado para acomodar as colunas *\/\r\n    margin: 0 auto;\r\n    padding: 0 25px;\r\n}\r\n\r\n\/* --- Layout Principal do Artigo (2 Colunas) --- *\/\r\n.main-content-grid {\r\n    display: flex;\r\n    align-items: flex-start;\r\n    gap: 40px; \/* Espa\u00e7o entre o artigo e a barra de cita\u00e7\u00f5es *\/\r\n}\r\n.article-column {\r\n    flex: 2; \/* Ocupa 2\/3 do espa\u00e7o *\/\r\n    min-width: 0;\r\n}\r\n.quotes-column {\r\n    flex: 1; \/* Ocupa 1\/3 do espa\u00e7o *\/\r\n    position: sticky; \/* Efeito \"grudento\" ao rolar a p\u00e1gina *\/\r\n    top: 20px;\r\n    display: flex;\r\n    flex-direction: column;\r\n    gap: 30px; \/* Espa\u00e7o entre as duas cita\u00e7\u00f5es *\/\r\n    min-width: 0;\r\n}\r\n\r\n\/* --- Tipografia e T\u00edtulos --- *\/\r\n.artigo-juridico-container h1 {\r\n    font-size: 2.8em;\r\n    text-align: center;\r\n    margin-bottom: 10px;\r\n    color: var(--white-text);\r\n}\r\n.artigo-juridico-container h2 {\r\n    font-size: 2em;\r\n    color: var(--accent-gold);\r\n    margin-bottom: 25px;\r\n    padding-bottom: 10px;\r\n    border-bottom: 2px solid #e9ecef;\r\n}\r\n.artigo-juridico-container h3 {\r\n    font-size: 1.4em;\r\n    color: var(--primary-blue);\r\n    margin-bottom: 15px;\r\n}\r\n.artigo-juridico-container p,\r\n.artigo-juridico-container li {\r\n    font-size: 1.1em;\r\n    margin-bottom: 1.2em;\r\n}\r\n.artigo-juridico-container strong {\r\n    color: var(--primary-blue);\r\n}\r\n\r\n\/* --- Elementos de Destaque --- *\/\r\n.artigo-juridico-container .hero-subtitle {\r\n    font-size: 1.2em;\r\n    text-align: center;\r\n    opacity: 0.9;\r\n    max-width: 700px;\r\n    margin: 0 auto;\r\n    color: var(--white-text);\r\n}\r\n.artigo-juridico-container .info-box {\r\n    background-color: #f8f9fa;\r\n    padding: 30px;\r\n    border-radius: 8px;\r\n    margin-top: 30px;\r\n    border-left: 5px solid var(--accent-gold);\r\n}\r\n.artigo-juridico-container ul {\r\n    list-style-type: none;\r\n    padding-left: 0;\r\n}\r\n.artigo-juridico-container ul li {\r\n    position: relative;\r\n    padding-left: 30px;\r\n    margin-bottom: 15px;\r\n}\r\n.artigo-juridico-container ul li::before {\r\n    content: '\u2192';\r\n    position: absolute;\r\n    left: 0;\r\n    top: 0;\r\n    color: var(--accent-gold);\r\n    font-weight: bold;\r\n    font-size: 1.2em;\r\n}\r\n\r\n\/* --- Estilos das Cita\u00e7\u00f5es de Impacto (Adaptado para Sidebar) --- *\/\r\n.quote-agro-legal {\r\n    position: relative;\r\n    padding: 30px 25px;\r\n    background: linear-gradient(135deg, #0f2a4b, var(--primary-blue));\r\n    border-radius: 15px;\r\n    box-shadow: 0 10px 30px rgba(0,0,0,0.2);\r\n    overflow: hidden;\r\n    width: 100%;\r\n    box-sizing: border-box;\r\n}\r\n.quote-container-agro {\r\n    position: relative;\r\n    z-index: 2;\r\n}\r\n.quote-accent-agro {\r\n    position: absolute;\r\n    top: -50%;\r\n    right: -20%;\r\n    width: 100%;\r\n    height: 200%;\r\n    background: linear-gradient(45deg, var(--accent-gold) 0%, #d4a95a 100%);\r\n    opacity: 0.08;\r\n    transform: rotate(-15deg);\r\n}\r\n.quote-mark-agro, .quote-mark-end-agro {\r\n    font-family: 'Georgia', serif;\r\n    position: absolute;\r\n    color: var(--accent-gold);\r\n    font-size: 80px;\r\n    line-height: 1;\r\n    text-shadow: 2px 2px 10px rgba(186, 144, 74, 0.2);\r\n}\r\n.quote-mark-agro {\r\n    top: -15px;\r\n    left: -5px;\r\n    opacity: 0.8;\r\n}\r\n.quote-mark-end-agro {\r\n    bottom: -60px;\r\n    right: -5px;\r\n    opacity: 0.4;\r\n}\r\n.quote-text-agro {\r\n    position: relative;\r\n    font-size: 20px;\r\n    line-height: 1.6;\r\n    color: #ffffff;\r\n    font-weight: 600;\r\n    text-align: center;\r\n    margin: 0;\r\n    text-shadow: 0 2px 4px rgba(0,0,0,0.2);\r\n}\r\n\r\n\/* --- Responsividade --- *\/\r\n@media (max-width: 992px) {\r\n    .main-content-grid {\r\n        flex-direction: column; \/* Empilha as colunas em telas menores *\/\r\n    }\r\n    .quotes-column {\r\n        position: static; \/* Remove o efeito \"grudento\" no mobile *\/\r\n        width: 100%;\r\n    }\r\n}\r\n@media (max-width: 768px) {\r\n    .section { padding: 40px 0; }\r\n    h1 { font-size: 2.2em; }\r\n    h2 { font-size: 1.6em; }\r\n    p, li { font-size: 1em; }\r\n}\r\n<\/style>\r\n\r\n<div class=\"artigo-juridico-container\">\r\n\r\n    <header class=\"section section-blue\">\r\n        <div class=\"container-interno\">\r\n            <h1>Novas regras para contagem de prazos processuais<\/h1>\r\n            <p class=\"hero-subtitle\">Desde maio de 2025, a contagem de prazos depende exclusivamente do Domic\u00edlio Judicial Eletr\u00f4nico e do Di\u00e1rio de Justi\u00e7a Eletr\u00f4nico Nacional (DJEN).<\/p>\r\n        <\/div>\r\n    <\/header>\r\n\r\n    <main class=\"section section-white\">\r\n        <div class=\"container-interno\">\r\n            <div class=\"main-content-grid\">\r\n                \r\n                <!-- Coluna Principal do Artigo (66.66%) -->\r\n                <div class=\"article-column\">\r\n                    <p>A medida, determinada pelo Conselho Nacional de Justi\u00e7a (CNJ), altera a forma como produtores rurais, empresas do agro e seus representantes jur\u00eddicos recebem e acompanham comunica\u00e7\u00f5es e intima\u00e7\u00f5es judiciais.<\/p>\r\n                    <h2>Entenda como funciona na pr\u00e1tica<\/h2>\r\n                    <p>Cita\u00e7\u00f5es, intima\u00e7\u00f5es e comunica\u00e7\u00f5es processuais est\u00e3o agora centralizadas no <strong>Domic\u00edlio Judicial Eletr\u00f4nico<\/strong>, uma plataforma gratuita e 100% digital, v\u00e1lida em todo o pa\u00eds. Ela substitui os meios tradicionais, como cartas ou atua\u00e7\u00e3o de oficiais de justi\u00e7a.<\/p>\r\n                    <p>Al\u00e9m disso, o <strong>DJEN (Di\u00e1rio de Justi\u00e7a Eletr\u00f4nico Nacional)<\/strong> tornou-se fonte oficial para contagem de prazos nos casos em que a lei n\u00e3o exige intima\u00e7\u00e3o ou vista pessoal.<\/p>\r\n                    <div class=\"info-box\">\r\n                        <h2>Como os prazos s\u00e3o contados atualmente?<\/h2>\r\n                        <h3>Domic\u00edlio Judicial Eletr\u00f4nico:<\/h3>\r\n                        <ul>\r\n                            <li><strong>Cita\u00e7\u00e3o lida e confirmada:<\/strong> o prazo conta a partir do 5\u00ba dia \u00fatil ap\u00f3s a confirma\u00e7\u00e3o da leitura.<\/li>\r\n                            <li><strong>Cita\u00e7\u00e3o n\u00e3o confirmada (Pessoas Jur\u00eddicas de Direito P\u00fablico):<\/strong> o prazo come\u00e7a 10 dias corridos ap\u00f3s o envio da cita\u00e7\u00e3o.<\/li>\r\n                            <li><strong>Cita\u00e7\u00e3o n\u00e3o confirmada (Pessoas Jur\u00eddicas de Direito Privado):<\/strong> o prazo n\u00e3o come\u00e7a, sendo necess\u00e1ria a reitera\u00e7\u00e3o da cita\u00e7\u00e3o. A aus\u00eancia de confirma\u00e7\u00e3o precisa ser devidamente justificada, sob pena de multa.<\/li>\r\n                            <li><strong>Demais comunica\u00e7\u00f5es e intima\u00e7\u00f5es:<\/strong> Se confirmadas, o prazo conta da data da confirma\u00e7\u00e3o. Se n\u00e3o confirmadas, o prazo come\u00e7a 10 dias corridos ap\u00f3s o envio.<\/li>\r\n                        <\/ul>\r\n                        <h3>DJEN (Di\u00e1rio de Justi\u00e7a Eletr\u00f4nico Nacional):<\/h3>\r\n                        <ul>\r\n                            <li>O prazo se inicia no primeiro dia \u00fatil seguinte \u00e0 data oficial da publica\u00e7\u00e3o, que \u00e9 o dia ap\u00f3s a disponibiliza\u00e7\u00e3o no sistema.<\/li>\r\n                        <\/ul>\r\n                    <\/div>\r\n                <\/div>\r\n\r\n                <!-- Coluna Lateral com Cita\u00e7\u00f5es (33.33%) -->\r\n                <aside class=\"quotes-column\">\r\n                    <blockquote class=\"quote-agro-legal\">\r\n                        <div class=\"quote-container-agro\">\r\n                            <div class=\"quote-mark-agro\">\"<\/div>\r\n                            <p class=\"quote-text-agro\">No direito do agroneg\u00f3cio, um prazo perdido n\u00e3o \u00e9 um mero descuido. \u00c9 a diferen\u00e7a entre a seguran\u00e7a da safra e o risco da perda.<\/p>\r\n                            <div class=\"quote-mark-end-agro\">\"<\/div>\r\n                        <\/div>\r\n                        <div class=\"quote-accent-agro\"><\/div>\r\n                    <\/blockquote>\r\n                    <blockquote class=\"quote-agro-legal\">\r\n                        <div class=\"quote-container-agro\">\r\n                            <div class=\"quote-mark-agro\">\"<\/div>\r\n                            <p class=\"quote-text-agro\">A justi\u00e7a tornou-se digital. Ignorar essa realidade n\u00e3o \u00e9 uma op\u00e7\u00e3o, \u00e9 uma senten\u00e7a.<\/p>\r\n                            <div class=\"quote-mark-end-agro\">\"<\/div>\r\n                        <\/div>\r\n                        <div class=\"quote-accent-agro\"><\/div>\r\n                    <\/blockquote>\r\n                <\/aside>\r\n\r\n            <\/div>\r\n        <\/div>\r\n    <\/main>\r\n\r\n    <footer class=\"section section-blue\">\r\n        <div class=\"container-interno\" style=\"text-align: center;\">\r\n            <h2>O que voc\u00ea, produtor, deve fazer?<\/h2>\r\n            <p>Se ainda n\u00e3o fez, \u00e9 fundamental garantir o cadastro e acompanhamento regular no Domic\u00edlio Judicial Eletr\u00f4nico.<\/p>\r\n            <p style=\"margin-top: 25px; opacity: 0.9;\">O Amaral e Melo Advogados est\u00e1 \u00e0 disposi\u00e7\u00e3o para orientar produtores rurais, cooperativas e empresas do agroneg\u00f3cio sobre como se adequar e monitorar corretamente suas comunica\u00e7\u00f5es processuais.<\/p>\r\n        <\/div>\r\n    <\/footer>\r\n\r\n<\/div>\t\t\t\t<\/div>\n\t\t\t\t<\/div>\n\t\t\t\t\t<\/div>\n\t\t\t\t<\/div>\n\t\t\t\t<\/div>\n\t\t","protected":false},"excerpt":{"rendered":"<p>Novas regras para contagem de prazos processuais Desde maio de 2025, a contagem de prazos depende exclusivamente do Domic\u00edlio Judicial Eletr\u00f4nico e do Di\u00e1rio de Justi\u00e7a Eletr\u00f4nico Nacional (DJEN). A medida, determinada pelo Conselho Nacional de Justi\u00e7a (CNJ), altera a forma como produtores rurais, empresas do agro e seus representantes jur\u00eddicos recebem e acompanham comunica\u00e7\u00f5es [&hellip;]<\/p>\n","protected":false},"author":7,"featured_media":0,"comment_status":"open","ping_status":"open","sticky":false,"template":"elementor_header_footer","format":"standard","meta":{"_eb_attr":"","footnotes":""},"categories":[98],"tags":[],"class_list":["post-13751","post","type-post","status-publish","format-standard","hentry","category-artigos"],"_links":{"self":[{"href":"https:\/\/alexjmarques.com.br\/amaralemelo\/wp-json\/wp\/v2\/posts\/13751","targetHints":{"allow":["GET"]}}],"collection":[{"href":"https:\/\/alexjmarques.com.br\/amaralemelo\/wp-json\/wp\/v2\/posts"}],"about":[{"href":"https:\/\/alexjmarques.com.br\/amaralemelo\/wp-json\/wp\/v2\/types\/post"}],"author":[{"embeddable":true,"href":"https:\/\/alexjmarques.com.br\/amaralemelo\/wp-json\/wp\/v2\/users\/7"}],"replies":[{"embeddable":true,"href":"https:\/\/alexjmarques.com.br\/amaralemelo\/wp-json\/wp\/v2\/comments?post=13751"}],"version-history":[{"count":19,"href":"https:\/\/alexjmarques.com.br\/amaralemelo\/wp-json\/wp\/v2\/posts\/13751\/revisions"}],"predecessor-version":[{"id":15283,"href":"https:\/\/alexjmarques.com.br\/amaralemelo\/wp-json\/wp\/v2\/posts\/13751\/revisions\/15283"}],"wp:attachment":[{"href":"https:\/\/alexjmarques.com.br\/amaralemelo\/wp-json\/wp\/v2\/media?parent=13751"}],"wp:term":[{"taxonomy":"category","embeddable":true,"href":"https:\/\/alexjmarques.com.br\/amaralemelo\/wp-json\/wp\/v2\/categories?post=13751"},{"taxonomy":"post_tag","embeddable":true,"href":"https:\/\/alexjmarques.com.br\/amaralemelo\/wp-json\/wp\/v2\/tags?post=13751"}],"curies":[{"name":"wp","href":"https:\/\/api.w.org\/{rel}","templated":true}]}}