{"id":13668,"date":"2025-06-09T12:26:11","date_gmt":"2025-06-09T15:26:11","guid":{"rendered":"https:\/\/amaralemelo.com\/?p=13668"},"modified":"2025-07-03T02:08:42","modified_gmt":"2025-07-03T05:08:42","slug":"transacao-tributaria-regularize-suas-dividas-com-as-novas-regras","status":"publish","type":"post","link":"https:\/\/alexjmarques.com.br\/amaralemelo\/artigos\/transacao-tributaria-regularize-suas-dividas-com-as-novas-regras\/","title":{"rendered":"Transa\u00e7\u00e3o Tribut\u00e1ria: regularize suas d\u00edvidas com as novas regras"},"content":{"rendered":"\n<p>A Procuradoria-Geral da Fazenda Nacional (PGFN) lan\u00e7ou o Edital PGDAU n\u00ba&nbsp; 11\/2025, trazendo novas oportunidades para contribuintes regularizarem suas&nbsp; d\u00edvidas inscritas na d\u00edvida ativa da Uni\u00e3o. Essa \u00e9 uma chance imperd\u00edvel de&nbsp; quitar d\u00e9bitos com condi\u00e7\u00f5es especiais, ajustadas \u00e0 capacidade de pagamento de cada um.&nbsp;&nbsp;<\/p>\n\n\n\n<p><strong>O que \u00e9 a Transa\u00e7\u00e3o Tribut\u00e1ria e quais as novidades?&nbsp;&nbsp;<\/strong><\/p>\n\n\n\n<p>A Transa\u00e7\u00e3o Tribut\u00e1ria \u00e9 um acordo entre o contribuinte e a PGFN para o&nbsp; pagamento de d\u00edvidas fiscais. As novas regras do Edital PGDAU n\u00ba 11\/2025,&nbsp; v\u00e1lidas para ades\u00f5es at\u00e9 30 de setembro de 2025, \u00e0s 19h (hor\u00e1rio de&nbsp; Bras\u00edlia), permitem a regulariza\u00e7\u00e3o de d\u00e9bitos inscritos na d\u00edvida ativa da Uni\u00e3o&nbsp; com benef\u00edcios que se adaptam \u00e0 realidade financeira do contribuinte.&nbsp;&nbsp;<\/p>\n\n\n\n<p><strong>Quem pode aderir?&nbsp;&nbsp;<\/strong><\/p>\n\n\n\n<p>Podem aderir a essa modalidade de transa\u00e7\u00e3o os contribuintes com d\u00edvidas&nbsp; inscritas na d\u00edvida ativa at\u00e9 4 de mar\u00e7o de 2025, desde que o valor total&nbsp; consolidado da d\u00edvida seja de at\u00e9 R$ 45 milh\u00f5es.&nbsp;&nbsp;<\/p>\n\n\n\n<p>\u00c9 importante destacar que somente o devedor principal pode negociar&nbsp; automaticamente pelo sistema.&nbsp;&nbsp;<\/p>\n\n\n\n<p>A negocia\u00e7\u00e3o deve incluir todas as d\u00edvidas eleg\u00edveis que n\u00e3o estejam&nbsp; garantidas, parceladas ou suspensas por decis\u00e3o judicial. Caso o contribuinte&nbsp; tenha outras d\u00edvidas, \u00e9 poss\u00edvel combinar essa modalidade com outras&nbsp; dispon\u00edveis para negociar todos os d\u00e9bitos.&nbsp;&nbsp;<\/p>\n\n\n\n<p><strong>Capacidade de pagamento: entenda sua classifica\u00e7\u00e3o&nbsp;&nbsp;<\/strong><\/p>\n\n\n\n<p>Um dos pilares dessa transa\u00e7\u00e3o \u00e9 a avalia\u00e7\u00e3o da capacidade de pagamento do contribuinte, que \u00e9 classificada automaticamente pelo sistema da PGFN em&nbsp; &#8220;A&#8221;, &#8220;B&#8221;, &#8220;C&#8221; ou &#8220;D&#8221;. Essa classifica\u00e7\u00e3o determina os benef\u00edcios aos quais o&nbsp; contribuinte ter\u00e1 direito:&nbsp;&nbsp;<\/p>\n\n\n\n<ul class=\"wp-block-list\">\n<li>Classifica\u00e7\u00e3o \u201cA\u201d ou \u201cB\u201d: Permite aproveitar a entrada facilitada.\u00a0\u00a0<\/li>\n\n\n\n<li>Classifica\u00e7\u00e3o \u201cC\u201d ou \u201cD\u201d: Al\u00e9m da entrada facilitada, concede um\u00a0 prazo maior para pagar e descontos sobre juros, multas e encargo\u00a0 legal.\u00a0<\/li>\n<\/ul>\n\n\n\n<p><strong>Principais Benef\u00edcios da Transa\u00e7\u00e3o&nbsp;&nbsp;<\/strong><\/p>\n\n\n\n<p>Esta modalidade de transa\u00e7\u00e3o oferece uma s\u00e9rie de benef\u00edcios para facilitar a&nbsp; regulariza\u00e7\u00e3o dos d\u00e9bitos:&nbsp;&nbsp;<\/p>\n\n\n\n<ul class=\"wp-block-list\">\n<li><strong>Entrada Facilitada: <\/strong>Corresponde a 6% do valor total da d\u00edvida, sem\u00a0 desconto, em at\u00e9 6 parcelas mensais.\u00a0\u00a0<\/li>\n<\/ul>\n\n\n\n<p>NOVIDADE: Em alguns casos, a entrada pode ser dispensada,&nbsp; com o pagamento do valor devido em at\u00e9 6 presta\u00e7\u00f5es mensais e&nbsp; seguidas.&nbsp;<\/p>\n\n\n\n<ul class=\"wp-block-list\">\n<li><strong>Prazo Alongado para Pagamento: <\/strong>O saldo restante pode ser dividido\u00a0 em:\u00a0<br><\/li>\n<\/ul>\n\n\n\n<ul class=\"wp-block-list\">\n<li><strong>At\u00e9 114 parcelas mensais<\/strong> para a maioria dos contribuintes.\u00a0\u00a0<\/li>\n\n\n\n<li><strong>At\u00e9 133 parcelas mensais<\/strong> para pessoa f\u00edsica, MEI, ME, EPP,\u00a0 Santas Casas de Miseric\u00f3rdia, sociedades cooperativas e outras\u00a0 organiza\u00e7\u00f5es da sociedade civil (Lei n\u00ba 13.019, de 2014) ou\u00a0 institui\u00e7\u00f5es de ensino.\u00a0\u00a0<\/li>\n<\/ul>\n\n\n\n<p><br>Aten\u00e7\u00e3o: Para d\u00edvidas de previd\u00eancia social (c\u00f3digos de receita&nbsp; 4156, 4133, 4162, 4185, 1843 e 1537), o m\u00e1ximo \u00e9 de 60 meses devido a regras constitucionais. Este limite n\u00e3o se aplica \u00e0s&nbsp; contribui\u00e7\u00f5es do Funrural e outras contribui\u00e7\u00f5es sociais.&nbsp;&nbsp;<\/p>\n\n\n\n<ul class=\"wp-block-list\">\n<li><strong>Desconto: at\u00e9 100% sobre o valor dos juros, das multas e do encargo\u00a0 legal.\u00a0\u00a0<\/strong><\/li>\n<\/ul>\n\n\n\n<ul class=\"wp-block-list\">\n<li>O desconto m\u00e1ximo n\u00e3o pode ser maior que 65% do valor da\u00a0 d\u00edvida, e \u00e9 limitado pelo valor principal.\u00a0\u00a0<\/li>\n\n\n\n<li>Esse limite pode ser de 70% para pessoa f\u00edsica, MEI, ME, EPP,\u00a0 Santas Casas de Miseric\u00f3rdia, sociedades cooperativas e outras\u00a0 organiza\u00e7\u00f5es da sociedade civil (Lei n\u00ba 13.019, de 2014),\u00a0 institui\u00e7\u00f5es de ensino, empres\u00e1rio ou sociedade empres\u00e1ria em\u00a0 recupera\u00e7\u00e3o judicial.\u00a0<\/li>\n<\/ul>\n\n\n\n<ul class=\"wp-block-list\">\n<li><strong>Valor M\u00ednimo das Presta\u00e7\u00f5es:\u00a0\u00a0<\/strong><\/li>\n<\/ul>\n\n\n\n<ul class=\"wp-block-list\">\n<li>R$ 25,00 para MEI.\u00a0\u00a0<\/li>\n\n\n\n<li>R$ 100,00 para os demais contribuintes.\u00a0\u00a0<\/li>\n<\/ul>\n\n\n\n<p><br>Importante: As parcelas s\u00e3o corrigidas pela taxa Selic (acumulados mensalmente, calculados do m\u00eas seguinte \u00e0 ades\u00e3o&nbsp; at\u00e9 o m\u00eas anterior ao pagamento) e ainda t\u00eam um acr\u00e9scimo de&nbsp; 1% no m\u00eas do pagamento.&nbsp;&nbsp;<\/p>\n\n\n\n<ul class=\"wp-block-list\">\n<li><strong>Precat\u00f3rios Federais:<\/strong> \u00c9 poss\u00edvel utilizar precat\u00f3rios federais (pr\u00f3prios ou\u00a0 comprados de terceiros) para pagar ou reduzir o valor da d\u00edvida.\u00a0<\/li>\n<\/ul>\n\n\n\n<p>Aten\u00e7\u00e3o: Esta negocia\u00e7\u00e3o n\u00e3o aceita o uso de cr\u00e9ditos de&nbsp; preju\u00edzo fiscal ou de base de c\u00e1lculo negativa da CSLL&nbsp; (Contribui\u00e7\u00e3o Social sobre o Lucro L\u00edquido).&nbsp;&nbsp;<\/p>\n\n\n\n<p><strong>1. Apresentar Desist\u00eancia de A\u00e7\u00e3o Judicial, Impugna\u00e7\u00e3o e Recurso (se&nbsp; for o caso): <\/strong>&nbsp;<\/p>\n\n\n\n<ul class=\"wp-block-list\">\n<li>Se sua d\u00edvida estiver sendo discutida na Justi\u00e7a, voc\u00ea precisar\u00e1\u00a0 apresentar uma c\u00f3pia do pedido de desist\u00eancia da a\u00e7\u00e3o ou do\u00a0 recurso judicial em at\u00e9 60 dias ap\u00f3s a ades\u00e3o. A n\u00e3o apresenta\u00e7\u00e3o\u00a0 dessa documenta\u00e7\u00e3o dentro do prazo resultar\u00e1 no cancelamento\u00a0 da negocia\u00e7\u00e3o.\u00a0\u00a0<\/li>\n<\/ul>\n\n\n\n<p><strong>Causas de Cancelamento e Rescis\u00e3o da Negocia\u00e7\u00e3o<\/strong>&nbsp;&nbsp;<\/p>\n\n\n\n<p>\u00c9 fundamental ficar atento \u00e0s situa\u00e7\u00f5es que podem levar \u00e0 perda dos benef\u00edcios&nbsp; do acordo:&nbsp;&nbsp;<\/p>\n\n\n\n<ul class=\"wp-block-list\">\n<li>Indeferimento: Ocorre se a primeira presta\u00e7\u00e3o n\u00e3o for paga at\u00e9 o \u00faltimo\u00a0 dia \u00fatil do m\u00eas da ades\u00e3o.\u00a0\u00a0<\/li>\n\n\n\n<li>Cancelamento: Em caso de parcelamento da entrada (ped\u00e1gio), o n\u00e3o\u00a0 pagamento integral ou o ac\u00famulo de 3 presta\u00e7\u00f5es atrasadas\u00a0 (consecutivas ou alternadas) implicar\u00e1 no cancelamento do pedido. A falta\u00a0 de apresenta\u00e7\u00e3o da documenta\u00e7\u00e3o referente aos d\u00e9bitos em discuss\u00e3o\u00a0 judicial tamb\u00e9m \u00e9 causa de cancelamento.\u00a0\u00a0<\/li>\n\n\n\n<li>Rescis\u00e3o: Acontece quando o acordo j\u00e1 est\u00e1 formalizado, mas o\u00a0 contribuinte descumpre alguma regra da negocia\u00e7\u00e3o, como a falta de\u00a0 pagamento de 3 presta\u00e7\u00f5es consecutivas ou alternadas. As causas de\u00a0 rescis\u00e3o est\u00e3o listadas no art. 14 do Edital PGDAU 11\/2025.\u00a0\u00a0<\/li>\n<\/ul>\n\n\n\n<p><strong>Consequ\u00eancias da Rescis\u00e3o:<\/strong> Em caso de rescis\u00e3o, o contribuinte ser\u00e1&nbsp; exclu\u00eddo do acordo, perder\u00e1 todos os benef\u00edcios e a cobran\u00e7a do saldo devedor&nbsp; restante ser\u00e1 retomada. Al\u00e9m disso, n\u00e3o poder\u00e1 fazer uma nova transa\u00e7\u00e3o&nbsp; por dois anos, contados da data da rescis\u00e3o, mesmo que para outras&nbsp; d\u00edvidas. A PGFN notificar\u00e1 a rescis\u00e3o pela caixa de mensagens do&nbsp; REGULARIZE, e o contribuinte ter\u00e1 30 dias para regularizar a situa\u00e7\u00e3o ou&nbsp; contestar.&nbsp;&nbsp;<\/p>\n\n\n\n<p><strong>Legisla\u00e7\u00e3o Pertinente&nbsp;&nbsp;<\/strong><\/p>\n\n\n\n<p>As novas regras est\u00e3o amparadas por diversas leis e portarias, que garantem a&nbsp; seguran\u00e7a jur\u00eddica da Transa\u00e7\u00e3o Tribut\u00e1ria:&nbsp;&nbsp;<\/p>\n\n\n\n<ul class=\"wp-block-list\">\n<li>Edital PGDAU 11\/2025\u00a0<\/li>\n\n\n\n<li>Portaria PGFN\/MF n\u00ba 838, de 1\u00ba de agosto de 2023\u00a0\u00a0<\/li>\n\n\n\n<li>Portaria Normativa MF n\u00ba 1.584, de 2023\u00a0<\/li>\n\n\n\n<li>Portaria PGFN n\u00ba 10.826, de 21 de dezembro de 2022\u00a0\u00a0<\/li>\n\n\n\n<li>Portaria PGFN n\u00ba 6.757, de 29 de julho de 2022\u00a0\u00a0<\/li>\n\n\n\n<li>Lei Complementar n\u00ba 174, de 5 de agosto de 2020\u00a0\u00a0<\/li>\n\n\n\n<li>Lei n\u00ba 13.988, de 14 de abril de 2020\u00a0\u00a0<\/li>\n\n\n\n<li>Art. 171 da Lei n\u00ba 5.172, de 25 de outubro de 1966\u00a0\u00a0<\/li>\n<\/ul>\n\n\n\n<p><strong>A Transa\u00e7\u00e3o Tribut\u00e1ria, com as novas regras do Edital PGDAU n\u00ba 11\/2025,&nbsp; representa uma excelente oportunidade para regularizar pend\u00eancias fiscais&nbsp; com condi\u00e7\u00f5es acess\u00edveis e adaptadas \u00e0 realidade financeira de cada&nbsp; contribuinte. N\u00e3o perca o prazo de ades\u00e3o e garanta a sua tranquilidade&nbsp; fiscal!<\/strong><\/p>\n\n\n\n<p><em>Por <\/em><strong><em>Douglas Machado Nunes<\/em><\/strong><\/p>\n\n\n\n<p><em>Consultor Tribut\u00e1rio no Amaral e Melo Advogados, refer\u00eancia na advocacia para o agroneg\u00f3cio, com atua\u00e7\u00e3o destacada no Endividamento Rural. Tem como compromisso proteger o que o produtor rural cultiva de mais valioso: sua fam\u00edlia, sua terra e seu futuro.<\/em><\/p>\n\n\n\n<p><\/p>\n","protected":false},"excerpt":{"rendered":"<p>A Procuradoria-Geral da Fazenda Nacional (PGFN) lan\u00e7ou o Edital PGDAU n\u00ba&nbsp; 11\/2025, trazendo novas oportunidades para contribuintes regularizarem suas&nbsp; d\u00edvidas inscritas na d\u00edvida ativa da Uni\u00e3o. Essa \u00e9 uma chance imperd\u00edvel de&nbsp; quitar d\u00e9bitos com condi\u00e7\u00f5es especiais, ajustadas \u00e0 capacidade de pagamento de cada um.&nbsp;&nbsp; O que \u00e9 a Transa\u00e7\u00e3o Tribut\u00e1ria e quais as novidades?&nbsp;&nbsp; [&hellip;]<\/p>\n","protected":false},"author":1,"featured_media":11303,"comment_status":"open","ping_status":"open","sticky":false,"template":"","format":"standard","meta":{"_eb_attr":"","footnotes":""},"categories":[98],"tags":[],"class_list":["post-13668","post","type-post","status-publish","format-standard","has-post-thumbnail","hentry","category-artigos"],"_links":{"self":[{"href":"https:\/\/alexjmarques.com.br\/amaralemelo\/wp-json\/wp\/v2\/posts\/13668","targetHints":{"allow":["GET"]}}],"collection":[{"href":"https:\/\/alexjmarques.com.br\/amaralemelo\/wp-json\/wp\/v2\/posts"}],"about":[{"href":"https:\/\/alexjmarques.com.br\/amaralemelo\/wp-json\/wp\/v2\/types\/post"}],"author":[{"embeddable":true,"href":"https:\/\/alexjmarques.com.br\/amaralemelo\/wp-json\/wp\/v2\/users\/1"}],"replies":[{"embeddable":true,"href":"https:\/\/alexjmarques.com.br\/amaralemelo\/wp-json\/wp\/v2\/comments?post=13668"}],"version-history":[{"count":1,"href":"https:\/\/alexjmarques.com.br\/amaralemelo\/wp-json\/wp\/v2\/posts\/13668\/revisions"}],"predecessor-version":[{"id":13669,"href":"https:\/\/alexjmarques.com.br\/amaralemelo\/wp-json\/wp\/v2\/posts\/13668\/revisions\/13669"}],"wp:featuredmedia":[{"embeddable":true,"href":"https:\/\/alexjmarques.com.br\/amaralemelo\/wp-json\/wp\/v2\/media\/11303"}],"wp:attachment":[{"href":"https:\/\/alexjmarques.com.br\/amaralemelo\/wp-json\/wp\/v2\/media?parent=13668"}],"wp:term":[{"taxonomy":"category","embeddable":true,"href":"https:\/\/alexjmarques.com.br\/amaralemelo\/wp-json\/wp\/v2\/categories?post=13668"},{"taxonomy":"post_tag","embeddable":true,"href":"https:\/\/alexjmarques.com.br\/amaralemelo\/wp-json\/wp\/v2\/tags?post=13668"}],"curies":[{"name":"wp","href":"https:\/\/api.w.org\/{rel}","templated":true}]}}