{"id":13620,"date":"2025-06-04T11:02:21","date_gmt":"2025-06-04T14:02:21","guid":{"rendered":"https:\/\/amaralemelo.com\/?p=13620"},"modified":"2025-09-09T23:52:11","modified_gmt":"2025-09-10T02:52:11","slug":"banca-amaral-e-melo-advogados-contrata-advogadoa-civel-e-estagiarioa-de-direito","status":"publish","type":"post","link":"https:\/\/alexjmarques.com.br\/amaralemelo\/na-midia\/banca-amaral-e-melo-advogados-contrata-advogadoa-civel-e-estagiarioa-de-direito\/","title":{"rendered":"Banca Amaral e Melo Advogados contrata advogado(a) c\u00edvel e estagi\u00e1rio(a) de Direito"},"content":{"rendered":"\n<p>O escrit\u00f3rio Amaral e Melo Advogados, com sedes em Jata\u00ed e Rio Verde, em Goi\u00e1s, est\u00e1 com duas oportunidades abertas para atua\u00e7\u00e3o presencial na unidade de Jata\u00ed: uma vaga para advogado(a) pleno com atua\u00e7\u00e3o em Direito C\u00edvel e uma vaga de est\u00e1gio jur\u00eddico com foco em Direito Tribut\u00e1rio.<\/p>\n\n\n\n<h3 class=\"wp-block-heading\"><strong>Vaga para advogado(a) pleno(a)<\/strong><\/h3>\n\n\n\n<p>O cargo exige OAB ativa, experi\u00eancia m\u00ednima de quatro anos em contencioso c\u00edvel e preferencialmente p\u00f3s-gradua\u00e7\u00e3o nas \u00e1reas de Direito Agr\u00e1rio, Processo Civil ou Agroneg\u00f3cio.<\/p>\n\n\n\n<p>A atua\u00e7\u00e3o envolve processos estrat\u00e9gicos, elabora\u00e7\u00e3o de contratos e pareceres, atendimento consultivo a produtores rurais e apoio a projetos corporativos.<\/p>\n\n\n\n<p>Neste caso, os interessados podem enviar curr\u00edculo para contato@amaralemelo.adv.br at\u00e9 o dia 30 de maio, indicando no assunto \u201cVaga \u2013 Advogado Pleno C\u201d.<\/p>\n\n\n\n<h3 class=\"wp-block-heading\"><strong>Vaga de est\u00e1gio<\/strong><\/h3>\n\n\n\n<p>Voltada para estudantes de Direito a partir do 5\u00ba per\u00edodo, com interesse em Direito Tribut\u00e1rio e em desenvolver carreira no setor do agroneg\u00f3cio, tem jornada de seis horas di\u00e1rias, de segunda a sexta-feira.<\/p>\n\n\n\n<p>O candidato ideal deve ter boa reda\u00e7\u00e3o jur\u00eddica, organiza\u00e7\u00e3o, proatividade, familiaridade com tecnologia e desejo de aprendizado cont\u00ednuo. As inscri\u00e7\u00f5es v\u00e3o at\u00e9 o dia 6 de junho, tamb\u00e9m pelo e-mail contato@amaralemelo.adv.br, indicando a vaga no assunto do texto.<\/p>\n\n\n\n<p><\/p>\n\n\n\n<p><strong>SAIU NA M\u00cdDIA:<\/strong><\/p>\n\n\n\n<p><a href=\"https:\/\/www.rotajuridica.com.br\/banca-amaral-e-melo-advogados-contrata-advogadoa-civel-e-estagiarioa-de-direito\/\" target=\"_blank\" rel=\"noopener\">Rota Jur\u00eddica<\/a><\/p>\n\n\n\n<p><a href=\"https:\/\/www.migalhas.com.br\/mercado-de-trabalho\/vaga\/431227\" target=\"_blank\" rel=\"noopener\">Migalhas<\/a><\/p>\n","protected":false},"excerpt":{"rendered":"<p>O escrit\u00f3rio Amaral e Melo Advogados, com sedes em Jata\u00ed e Rio Verde, em Goi\u00e1s, est\u00e1 com duas oportunidades abertas para atua\u00e7\u00e3o presencial na unidade de Jata\u00ed: uma vaga para advogado(a) pleno com atua\u00e7\u00e3o em Direito C\u00edvel e uma vaga de est\u00e1gio jur\u00eddico com foco em Direito Tribut\u00e1rio. Vaga para advogado(a) pleno(a) O cargo exige [&hellip;]<\/p>\n","protected":false},"author":1,"featured_media":7249,"comment_status":"open","ping_status":"open","sticky":false,"template":"","format":"standard","meta":{"_eb_attr":"","footnotes":""},"categories":[100],"tags":[],"class_list":["post-13620","post","type-post","status-publish","format-standard","has-post-thumbnail","hentry","category-na-midia"],"_links":{"self":[{"href":"https:\/\/alexjmarques.com.br\/amaralemelo\/wp-json\/wp\/v2\/posts\/13620","targetHints":{"allow":["GET"]}}],"collection":[{"href":"https:\/\/alexjmarques.com.br\/amaralemelo\/wp-json\/wp\/v2\/posts"}],"about":[{"href":"https:\/\/alexjmarques.com.br\/amaralemelo\/wp-json\/wp\/v2\/types\/post"}],"author":[{"embeddable":true,"href":"https:\/\/alexjmarques.com.br\/amaralemelo\/wp-json\/wp\/v2\/users\/1"}],"replies":[{"embeddable":true,"href":"https:\/\/alexjmarques.com.br\/amaralemelo\/wp-json\/wp\/v2\/comments?post=13620"}],"version-history":[{"count":1,"href":"https:\/\/alexjmarques.com.br\/amaralemelo\/wp-json\/wp\/v2\/posts\/13620\/revisions"}],"predecessor-version":[{"id":13621,"href":"https:\/\/alexjmarques.com.br\/amaralemelo\/wp-json\/wp\/v2\/posts\/13620\/revisions\/13621"}],"wp:featuredmedia":[{"embeddable":true,"href":"https:\/\/alexjmarques.com.br\/amaralemelo\/wp-json\/wp\/v2\/media\/7249"}],"wp:attachment":[{"href":"https:\/\/alexjmarques.com.br\/amaralemelo\/wp-json\/wp\/v2\/media?parent=13620"}],"wp:term":[{"taxonomy":"category","embeddable":true,"href":"https:\/\/alexjmarques.com.br\/amaralemelo\/wp-json\/wp\/v2\/categories?post=13620"},{"taxonomy":"post_tag","embeddable":true,"href":"https:\/\/alexjmarques.com.br\/amaralemelo\/wp-json\/wp\/v2\/tags?post=13620"}],"curies":[{"name":"wp","href":"https:\/\/api.w.org\/{rel}","templated":true}]}}