{"id":12957,"date":"2025-04-07T07:52:17","date_gmt":"2025-04-07T10:52:17","guid":{"rendered":"https:\/\/amaralemelo.com\/?p=12957"},"modified":"2025-09-03T00:09:21","modified_gmt":"2025-09-03T03:09:21","slug":"profissionalizacao-e-alternativa-para-minimizar-problemas-trabalhistas-no-campo","status":"publish","type":"post","link":"https:\/\/alexjmarques.com.br\/amaralemelo\/artigos\/profissionalizacao-e-alternativa-para-minimizar-problemas-trabalhistas-no-campo\/","title":{"rendered":"PROFISSIONALIZA\u00c7\u00c3O \u00c9 ALTERNATIVA PARA MINIMIZAR PROBLEMAS TRABALHISTAS NO CAMPO"},"content":{"rendered":"\n<p><\/p>\n\n\n\n<p><\/p>\n\n\n\n<p>O direito trabalhista no setor agropecu\u00e1rio, embora siga as mesmas normas que o urbano, enfrenta desafios espec\u00edficos devido \u00e0s peculiaridades do campo. Para entender melhor essas quest\u00f5es e como super\u00e1-las, conversamos com Thiago Amaral, advogado trabalhista especializado em reestrutura\u00e7\u00e3o de recursos humanos no setor rural.<\/p>\n\n\n\n<p><\/p>\n\n\n\n<p><br>Segundo Thiago Amaral, embora a legisla\u00e7\u00e3o trabalhista seja a mesma para todos, a diferen\u00e7a est\u00e1 na aplica\u00e7\u00e3o. O campo possui caracter\u00edsticas que tornam o cumprimento das leis mais complicado. Ele destaca, por exemplo, a dist\u00e2ncia e o dif\u00edcil acesso a apoio jur\u00eddico em \u00e1reas rurais, o que acaba deixando o empregador mais vulner\u00e1vel.<\/p>\n\n\n\n<p><\/p>\n\n\n\n<p><br>Outro grande desafio \u00e9 a baixa escolaridade de muitos trabalhadores rurais. Isso muitas vezes dificulta a compreens\u00e3o das normas trabalhistas e a comunica\u00e7\u00e3o entre empregador e empregado. Sem contar que as jornadas de trabalho no campo podem ser mais flex\u00edveis, dependendo da produ\u00e7\u00e3o e do clima, o que torna o controle das horas trabalhadas um problema.<\/p>\n\n\n\n<p><\/p>\n\n\n\n<p><br>Al\u00e9m disso, muitos produtores ainda enfrentam a falta de estrutura para fazer registros formais, como controle de ponto, e a cultura de informalidade que ainda persiste em algumas regi\u00f5es, o que tamb\u00e9m contribui para a dificuldade no cumprimento das obriga\u00e7\u00f5es trabalhistas.<\/p>\n\n\n\n<p><\/p>\n\n\n\n<p><br>O especialista acredita que o setor agropecu\u00e1rio pode enfrentar essas barreiras de forma eficiente. <strong>\u201cMinha sugest\u00e3o \u00e9 profissionalizar a gest\u00e3o de pessoas nas fazendas. Isso significa ter rotinas claras e registros bem organizados para facilitar a administra\u00e7\u00e3o da m\u00e3o de obra. Ouro vi\u00e9s importante \u00e9 a capacita\u00e7\u00e3o de l\u00edderes e trabalhadores, com treinamentos e comunica\u00e7\u00e3o direta, tudo isso buscando apoio de contadores, sindicatos rurais e assessorias jur\u00eddicas\u201d<\/strong>, explica.<\/p>\n\n\n\n<p><\/p>\n\n\n\n<p><br>Para Thiago, o importante \u00e9 adaptar solu\u00e7\u00f5es \u00e0 realidade do campo, sem deixar de cumprir as exig\u00eancias legais. <strong>\u201cGarantir boas condi\u00e7\u00f5es de trabalho n\u00e3o \u00e9 apenas cumprir uma obriga\u00e7\u00e3o, mas tamb\u00e9m um diferencial competitivo. Um time bem cuidado \u00e9 mais produtivo e comprometido com o sucesso da fazenda\u201d<\/strong>, afirma.<\/p>\n\n\n\n<p><\/p>\n\n\n\n<p><br>Os desafios trabalhistas no setor agropecu\u00e1rio exigem aten\u00e7\u00e3o e adapta\u00e7\u00f5es, mas s\u00e3o super\u00e1veis com boa gest\u00e3o e parcerias estrat\u00e9gicas. Ao investir na organiza\u00e7\u00e3o do trabalho e no desenvolvimento dos profissionais, o agro pode n\u00e3o apenas cumprir a legisla\u00e7\u00e3o, mas tamb\u00e9m tornar-se mais competitivo no mercado.<\/p>\n","protected":false},"excerpt":{"rendered":"<p>O direito trabalhista no setor agropecu\u00e1rio, embora siga as mesmas normas que o urbano, enfrenta desafios espec\u00edficos devido \u00e0s peculiaridades do campo. Para entender melhor essas quest\u00f5es e como super\u00e1-las, conversamos com Thiago Amaral, advogado trabalhista especializado em reestrutura\u00e7\u00e3o de recursos humanos no setor rural. Segundo Thiago Amaral, embora a legisla\u00e7\u00e3o trabalhista seja a mesma [&hellip;]<\/p>\n","protected":false},"author":1,"featured_media":12959,"comment_status":"open","ping_status":"open","sticky":false,"template":"","format":"standard","meta":{"_eb_attr":"","footnotes":""},"categories":[170,98],"tags":[],"class_list":["post-12957","post","type-post","status-publish","format-standard","has-post-thumbnail","hentry","category-3-minutos-ja-bastam","category-artigos"],"_links":{"self":[{"href":"https:\/\/alexjmarques.com.br\/amaralemelo\/wp-json\/wp\/v2\/posts\/12957","targetHints":{"allow":["GET"]}}],"collection":[{"href":"https:\/\/alexjmarques.com.br\/amaralemelo\/wp-json\/wp\/v2\/posts"}],"about":[{"href":"https:\/\/alexjmarques.com.br\/amaralemelo\/wp-json\/wp\/v2\/types\/post"}],"author":[{"embeddable":true,"href":"https:\/\/alexjmarques.com.br\/amaralemelo\/wp-json\/wp\/v2\/users\/1"}],"replies":[{"embeddable":true,"href":"https:\/\/alexjmarques.com.br\/amaralemelo\/wp-json\/wp\/v2\/comments?post=12957"}],"version-history":[{"count":1,"href":"https:\/\/alexjmarques.com.br\/amaralemelo\/wp-json\/wp\/v2\/posts\/12957\/revisions"}],"predecessor-version":[{"id":12960,"href":"https:\/\/alexjmarques.com.br\/amaralemelo\/wp-json\/wp\/v2\/posts\/12957\/revisions\/12960"}],"wp:featuredmedia":[{"embeddable":true,"href":"https:\/\/alexjmarques.com.br\/amaralemelo\/wp-json\/wp\/v2\/media\/12959"}],"wp:attachment":[{"href":"https:\/\/alexjmarques.com.br\/amaralemelo\/wp-json\/wp\/v2\/media?parent=12957"}],"wp:term":[{"taxonomy":"category","embeddable":true,"href":"https:\/\/alexjmarques.com.br\/amaralemelo\/wp-json\/wp\/v2\/categories?post=12957"},{"taxonomy":"post_tag","embeddable":true,"href":"https:\/\/alexjmarques.com.br\/amaralemelo\/wp-json\/wp\/v2\/tags?post=12957"}],"curies":[{"name":"wp","href":"https:\/\/api.w.org\/{rel}","templated":true}]}}