{"id":12670,"date":"2025-02-27T18:31:20","date_gmt":"2025-02-27T21:31:20","guid":{"rendered":"https:\/\/amaralemelo.com\/?p=12670"},"modified":"2025-09-10T00:00:09","modified_gmt":"2025-09-10T03:00:09","slug":"cobranca-indevida-de-itbi-sobre-imovel-rural-recebe-favoravel-na-justica","status":"publish","type":"post","link":"https:\/\/alexjmarques.com.br\/amaralemelo\/na-midia\/cobranca-indevida-de-itbi-sobre-imovel-rural-recebe-favoravel-na-justica\/","title":{"rendered":"Cobran\u00e7a indevida de ITBI sobre im\u00f3vel rural recebe favor\u00e1vel na Justi\u00e7a"},"content":{"rendered":"\n<p>A Vara das Fazendas P\u00fablicas, Registros P\u00fablicos, Ambiental e Inf\u00e2ncia e Juventude da Comarca de Jata\u00ed, no sudoeste goiano, concedeu uma decis\u00e3o liminar favor\u00e1vel ao escrit\u00f3rio Amaral e Melo Advogados em uma a\u00e7\u00e3o contra a cobran\u00e7a indevida de Imposto sobre Transmiss\u00e3o de Bens Im\u00f3veis (ITBI) sobre uma propriedade rural no capital social de uma empresa familiar, por parte do munic\u00edpio de Perol\u00e2ndia. O advogado especialista em tributa\u00e7\u00e3o no agroneg\u00f3cio, Leonardo Amaral, comenta que a controv\u00e9rsia surge a partir de uma decis\u00e3o do STF de 2020 (Tema 796), que tem sido erroneamente aplicada por alguns munic\u00edpios para justificar a cobran\u00e7a do ITBI sobre a diferen\u00e7a entre o valor de mercado e o custo hist\u00f3rico do im\u00f3vel.<\/p>\n\n\n\n<p>\u201cNeste caso, o im\u00f3vel rural \u00e9 incorporado ao capital social da empresa familiar pelo seu custo de aquisi\u00e7\u00e3o hist\u00f3rico informado na declara\u00e7\u00e3o de renda do s\u00f3cio. Ocorre que muitos munic\u00edpios est\u00e3o cobrando o imposto ITBI sobre a diferen\u00e7a entre o valor de mercado e o custo hist\u00f3rico, com base em uma interpreta\u00e7\u00e3o distorcida de uma decis\u00e3o do STF proferida no ano de 2020. O que n\u00f3s sempre defendemos \u00e9 que essa cobran\u00e7a dos munic\u00edpios \u00e9 equivocada, pois nessas opera\u00e7\u00f5es (incorpora\u00e7\u00e3o de bens im\u00f3veis ao capital social), a Constitui\u00e7\u00e3o Federal prev\u00ea a dispensa do pagamento do ITBI (imunidade). A decis\u00e3o favor\u00e1vel que obtivemos agora, reconhece justamente as nossas alega\u00e7\u00f5es.. Leonardo conta que o escrit\u00f3rio conseguiu uma liminar, ou seja, uma decis\u00e3o provis\u00f3ria, mas que foi muito bem fundamentada pela magistrada de primeiro grau, que reconheceu as alega\u00e7\u00f5es da defesa sobre a cobran\u00e7a, de fato, ser indevida.<\/p>\n\n\n\n<p>O tributarista ainda explica que se trata de uma quest\u00e3o muito comum no que diz respeito ao planejamento sucess\u00f3rio de produtores rurais. \u201cA transfer\u00eancia para uma empresa familiar, ou holding, tem se tornado uma pr\u00e1tica de planejamento cada vez mais comum. No entanto, dependendo do munic\u00edpio e at\u00e9 mesmo das atividades realizadas em diferentes propriedades rurais, por exemplo, pode haver uma interpreta\u00e7\u00e3o equivocada e a cobran\u00e7a incorreta do imposto. Ent\u00e3o, \u00e9 preciso estar atento e, se preciso, buscar a ajuda de um especialista gabaritado para tirar qualquer d\u00favida sobre a quest\u00e3o\u201d, conclui.<\/p>\n\n\n\n<p><\/p>\n\n\n\n<p><\/p>\n\n\n\n<p><strong>SAIU NA M\u00cdDIA:<\/strong><\/p>\n\n\n\n<p><a href=\"https:\/\/sucessonocampo.com.br\/cobranca-indevida-de-itbi-sobre-imovel-rural-recebe-favoravel-na-justica\/#:~:text=A%20Vara%20das%20Fazendas%20P%C3%BAblicas,ITBI)%20sobre%20uma%20propriedade%20rural\" target=\"_blank\" rel=\"noopener\">Sucesso no Campo<\/a><\/p>\n\n\n\n<p><a href=\"https:\/\/news.osalim.com.br\/agronegocio\/cobranca-indevida-de-itbi-sobre-imovel-rural-recebe-favoravel-na-justica?uid=253909\" target=\"_blank\" rel=\"noopener\">Osalim<\/a><\/p>\n\n\n\n<p><\/p>\n","protected":false},"excerpt":{"rendered":"<p>A Vara das Fazendas P\u00fablicas, Registros P\u00fablicos, Ambiental e Inf\u00e2ncia e Juventude da Comarca de Jata\u00ed, no sudoeste goiano, concedeu uma decis\u00e3o liminar favor\u00e1vel ao escrit\u00f3rio Amaral e Melo Advogados em uma a\u00e7\u00e3o contra a cobran\u00e7a indevida de Imposto sobre Transmiss\u00e3o de Bens Im\u00f3veis (ITBI) sobre uma propriedade rural no capital social de uma empresa [&hellip;]<\/p>\n","protected":false},"author":1,"featured_media":16245,"comment_status":"open","ping_status":"open","sticky":false,"template":"","format":"standard","meta":{"_eb_attr":"","footnotes":""},"categories":[100],"tags":[],"class_list":["post-12670","post","type-post","status-publish","format-standard","has-post-thumbnail","hentry","category-na-midia"],"_links":{"self":[{"href":"https:\/\/alexjmarques.com.br\/amaralemelo\/wp-json\/wp\/v2\/posts\/12670","targetHints":{"allow":["GET"]}}],"collection":[{"href":"https:\/\/alexjmarques.com.br\/amaralemelo\/wp-json\/wp\/v2\/posts"}],"about":[{"href":"https:\/\/alexjmarques.com.br\/amaralemelo\/wp-json\/wp\/v2\/types\/post"}],"author":[{"embeddable":true,"href":"https:\/\/alexjmarques.com.br\/amaralemelo\/wp-json\/wp\/v2\/users\/1"}],"replies":[{"embeddable":true,"href":"https:\/\/alexjmarques.com.br\/amaralemelo\/wp-json\/wp\/v2\/comments?post=12670"}],"version-history":[{"count":2,"href":"https:\/\/alexjmarques.com.br\/amaralemelo\/wp-json\/wp\/v2\/posts\/12670\/revisions"}],"predecessor-version":[{"id":16247,"href":"https:\/\/alexjmarques.com.br\/amaralemelo\/wp-json\/wp\/v2\/posts\/12670\/revisions\/16247"}],"wp:featuredmedia":[{"embeddable":true,"href":"https:\/\/alexjmarques.com.br\/amaralemelo\/wp-json\/wp\/v2\/media\/16245"}],"wp:attachment":[{"href":"https:\/\/alexjmarques.com.br\/amaralemelo\/wp-json\/wp\/v2\/media?parent=12670"}],"wp:term":[{"taxonomy":"category","embeddable":true,"href":"https:\/\/alexjmarques.com.br\/amaralemelo\/wp-json\/wp\/v2\/categories?post=12670"},{"taxonomy":"post_tag","embeddable":true,"href":"https:\/\/alexjmarques.com.br\/amaralemelo\/wp-json\/wp\/v2\/tags?post=12670"}],"curies":[{"name":"wp","href":"https:\/\/api.w.org\/{rel}","templated":true}]}}